{"id":22010,"date":"2023-07-18T09:28:37","date_gmt":"2023-07-18T07:28:37","guid":{"rendered":"https:\/\/laguidaelettrica.it\/?p=22010"},"modified":"2023-07-18T09:28:37","modified_gmt":"2023-07-18T07:28:37","slug":"nuovi-articoli-vimar-luglio-2023","status":"publish","type":"post","link":"https:\/\/laguidaelettrica.it\/index.php\/2023\/07\/18\/nuovi-articoli-vimar-luglio-2023\/","title":{"rendered":"Nuovi articoli Vimar &#8211; luglio 2023"},"content":{"rendered":"<div class=\"fusion-fullwidth fullwidth-box fusion-builder-row-1 fusion-flex-container nonhundred-percent-fullwidth non-hundred-percent-height-scrolling\" style=\"--awb-border-radius-top-left:0px;--awb-border-radius-top-right:0px;--awb-border-radius-bottom-right:0px;--awb-border-radius-bottom-left:0px;--awb-flex-wrap:wrap;\" ><div class=\"fusion-builder-row fusion-row fusion-flex-align-items-flex-start fusion-flex-content-wrap\" style=\"max-width:1123.2px;margin-left: calc(-4% \/ 2 );margin-right: calc(-4% \/ 2 );\"><div class=\"fusion-layout-column fusion_builder_column fusion-builder-column-0 fusion_builder_column_1_1 1_1 fusion-flex-column\" style=\"--awb-bg-size:cover;--awb-width-large:100%;--awb-margin-top-large:0px;--awb-spacing-right-large:1.92%;--awb-margin-bottom-large:0px;--awb-spacing-left-large:1.92%;--awb-width-medium:100%;--awb-spacing-right-medium:1.92%;--awb-spacing-left-medium:1.92%;--awb-width-small:100%;--awb-spacing-right-small:1.92%;--awb-spacing-left-small:1.92%;\"><div class=\"fusion-column-wrapper fusion-flex-justify-content-flex-start fusion-content-layout-column\"><div class=\"fusion-text fusion-text-1\" style=\"--awb-text-transform:none;\"><p><strong>Supporti anti-effrazione per Linea\u00a0<\/strong><\/p>\n<\/div><div class=\"fusion-image-element\" style=\"--awb-caption-title-font-family:var(--h2_typography-font-family);--awb-caption-title-font-weight:var(--h2_typography-font-weight);--awb-caption-title-font-style:var(--h2_typography-font-style);--awb-caption-title-size:var(--h2_typography-font-size);--awb-caption-title-transform:var(--h2_typography-text-transform);--awb-caption-title-line-height:var(--h2_typography-line-height);--awb-caption-title-letter-spacing:var(--h2_typography-letter-spacing);\"><span class=\" fusion-imageframe imageframe-none imageframe-1 hover-type-none\"><img decoding=\"async\" width=\"300\" height=\"169\" title=\"SupportoAntieffrazione02\" src=\"https:\/\/laguidaelettrica.it\/wp-content\/uploads\/2023\/07\/SupportoAntieffrazione02-300x169.jpg\" alt class=\"img-responsive wp-image-22011\" srcset=\"https:\/\/laguidaelettrica.it\/wp-content\/uploads\/2023\/07\/SupportoAntieffrazione02-200x113.jpg 200w, https:\/\/laguidaelettrica.it\/wp-content\/uploads\/2023\/07\/SupportoAntieffrazione02-400x225.jpg 400w, https:\/\/laguidaelettrica.it\/wp-content\/uploads\/2023\/07\/SupportoAntieffrazione02.jpg 600w\" sizes=\"(max-width: 800px) 100vw, 300px\" \/><\/span><\/div><div class=\"fusion-text fusion-text-2\" style=\"--awb-text-transform:none;\"><p>Per garantire la sicurezza del punto luce con un risultato estetico impeccabile, Vimar propone\u00a0<strong>tre nuovi supporti<\/strong>\u00a0per placche\u00a0<strong>Linea<\/strong>\u00a0con\u00a0<strong>sistema anti-effrazione brevettato<\/strong>. Disponibili nelle versioni da\u00a0<strong>3<\/strong>,<strong>\u00a04\u00a0<\/strong>e<strong>\u00a07 moduli<\/strong>, questi supporti impediscono la manomissione del punto luce e il furto delle placche. La rimozione delle placche pu\u00f2 infatti avvenire solo tramite un apposito estrattore ma, quando sono agganciate, il risultato estetico \u00e8 identico ad un&#8217;installazione standard. Una novit\u00e0 brevettata Vimar che permette di utilizzare dispositivi e placche Linea in luoghi pubblici come hotel, scuole, ospedali, aeroporti, navi, etc. in totale sicurezza.<\/p>\n<\/div><div class=\"fusion-text fusion-text-3\" style=\"--awb-text-transform:none;\"><p><strong>Comandi Linea allineati e assiali a 2 moduli<\/strong><\/p>\n<\/div><div class=\"fusion-image-element\" style=\"--awb-caption-title-font-family:var(--h2_typography-font-family);--awb-caption-title-font-weight:var(--h2_typography-font-weight);--awb-caption-title-font-style:var(--h2_typography-font-style);--awb-caption-title-size:var(--h2_typography-font-size);--awb-caption-title-transform:var(--h2_typography-text-transform);--awb-caption-title-line-height:var(--h2_typography-line-height);--awb-caption-title-letter-spacing:var(--h2_typography-letter-spacing);\"><span class=\" fusion-imageframe imageframe-none imageframe-2 hover-type-none\"><img decoding=\"async\" width=\"300\" height=\"127\" title=\"Assiali2moduli02\" src=\"https:\/\/laguidaelettrica.it\/wp-content\/uploads\/2023\/07\/Assiali2moduli02-300x127.jpg\" alt class=\"img-responsive wp-image-22012\" srcset=\"https:\/\/laguidaelettrica.it\/wp-content\/uploads\/2023\/07\/Assiali2moduli02-200x85.jpg 200w, https:\/\/laguidaelettrica.it\/wp-content\/uploads\/2023\/07\/Assiali2moduli02-400x169.jpg 400w, https:\/\/laguidaelettrica.it\/wp-content\/uploads\/2023\/07\/Assiali2moduli02.jpg 600w\" sizes=\"(max-width: 800px) 100vw, 300px\" \/><\/span><\/div><div class=\"fusion-text fusion-text-4\" style=\"--awb-text-transform:none;\"><p>Sono disponibili nuovi comandi allineati e assiali che offrono l&#8217;opportunit\u00e0 di essere installati in abbinamento con i comandi a 1 modulo, ampliando cos\u00ec le soluzioni offerte da Linea nelle diverse esigenze abitative.<\/p>\n<\/div><div class=\"fusion-text fusion-text-5\" style=\"--awb-text-transform:none;\"><p><strong>Dispositivi di telesoccorso residenziale<\/strong><\/p>\n<\/div><div class=\"fusion-image-element\" style=\"--awb-caption-title-font-family:var(--h2_typography-font-family);--awb-caption-title-font-weight:var(--h2_typography-font-weight);--awb-caption-title-font-style:var(--h2_typography-font-style);--awb-caption-title-size:var(--h2_typography-font-size);--awb-caption-title-transform:var(--h2_typography-text-transform);--awb-caption-title-line-height:var(--h2_typography-line-height);--awb-caption-title-letter-spacing:var(--h2_typography-letter-spacing);\"><span class=\" fusion-imageframe imageframe-none imageframe-3 hover-type-none\"><img decoding=\"async\" width=\"300\" height=\"169\" title=\"Telesoccorso\" src=\"https:\/\/laguidaelettrica.it\/wp-content\/uploads\/2023\/07\/Telesoccorso-300x169.jpg\" alt class=\"img-responsive wp-image-22013\" srcset=\"https:\/\/laguidaelettrica.it\/wp-content\/uploads\/2023\/07\/Telesoccorso-200x113.jpg 200w, https:\/\/laguidaelettrica.it\/wp-content\/uploads\/2023\/07\/Telesoccorso-400x225.jpg 400w, https:\/\/laguidaelettrica.it\/wp-content\/uploads\/2023\/07\/Telesoccorso.jpg 600w\" sizes=\"(max-width: 800px) 100vw, 300px\" \/><\/span><\/div><div class=\"fusion-text fusion-text-6\" style=\"--awb-text-transform:none;\"><p>Nuovi dispositivi di telesoccorso per l&#8217;assistenza in casa. Permettono di attivare in modo rapido chiamate di emergenza sulla rete cellulare 4G LTE e mettere in comunicazione vivavoce l\u2019assistito con i propri familiari, persone di fiducia o direttamente con un operatore. La programmazione \u00e8 semplificata tramite sms. I dispositivi\u00a0 possono\u00a0 essere\u00a0 \u00a0integrati\u00a0 \u00a0anche\u00a0 \u00a0con i\u00a0 \u00a0sistemi\u00a0 \u00a0<strong>View Wireless<\/strong>\u00a0o\u00a0\u00a0<strong>By-me Plus<\/strong>, attraverso l\u2019utilizzo del sensore radar da soffitto, che rileva l\u2019eventuale caduta della persona.<\/p>\n<\/div><div class=\"fusion-text fusion-text-7\" style=\"--awb-text-transform:none;\"><p><strong>Telecamera PTZ Speed Dome<\/strong><\/p>\n<\/div><div class=\"fusion-image-element\" style=\"--awb-caption-title-font-family:var(--h2_typography-font-family);--awb-caption-title-font-weight:var(--h2_typography-font-weight);--awb-caption-title-font-style:var(--h2_typography-font-style);--awb-caption-title-size:var(--h2_typography-font-size);--awb-caption-title-transform:var(--h2_typography-text-transform);--awb-caption-title-line-height:var(--h2_typography-line-height);--awb-caption-title-letter-spacing:var(--h2_typography-letter-spacing);\"><span class=\" fusion-imageframe imageframe-none imageframe-4 hover-type-none\"><img decoding=\"async\" width=\"300\" height=\"169\" title=\"TLCSpeedDome\" src=\"https:\/\/laguidaelettrica.it\/wp-content\/uploads\/2023\/07\/TLCSpeedDome-300x169.jpg\" alt class=\"img-responsive wp-image-22014\" srcset=\"https:\/\/laguidaelettrica.it\/wp-content\/uploads\/2023\/07\/TLCSpeedDome-200x113.jpg 200w, https:\/\/laguidaelettrica.it\/wp-content\/uploads\/2023\/07\/TLCSpeedDome-400x225.jpg 400w, https:\/\/laguidaelettrica.it\/wp-content\/uploads\/2023\/07\/TLCSpeedDome.jpg 600w\" sizes=\"(max-width: 800px) 100vw, 300px\" \/><\/span><\/div><div class=\"fusion-text fusion-text-8\" style=\"--awb-text-transform:none;\"><p>Telecamera Speed Dome\u00a0<strong>4 Mpx<\/strong>\u00a0(2560\u00d71440 25fps), con\u00a0<strong>Zoom 25x<\/strong>, portata illuminatore IR\u00a0<strong>fino a 160 m<\/strong>, slot per SD card da 256 GB,\u00a0<strong>performanti funzioni di analisi video<\/strong>: anomalia, attraversamento linea, entrata area, uscita area, intrusione con identificazione target e funzione tracking (consente di identificare le persone dai veicoli e dai cicli\/motocicli e seguirli) e il riconoscimento facciale delle persone con database, alimentazione PoE+\/24 Vdc, grado di protezione IP66. Fornita con staffa da parete e alimentatore.<\/p>\n<\/div><div class=\"fusion-text fusion-text-9\" style=\"--awb-text-transform:none;\"><p><strong>Nuovi componenti By-alarm Plus<\/strong><\/p>\n<\/div><div class=\"fusion-image-element\" style=\"--awb-caption-title-font-family:var(--h2_typography-font-family);--awb-caption-title-font-weight:var(--h2_typography-font-weight);--awb-caption-title-font-style:var(--h2_typography-font-style);--awb-caption-title-size:var(--h2_typography-font-size);--awb-caption-title-transform:var(--h2_typography-text-transform);--awb-caption-title-line-height:var(--h2_typography-line-height);--awb-caption-title-letter-spacing:var(--h2_typography-letter-spacing);\"><span class=\" fusion-imageframe imageframe-none imageframe-5 hover-type-none\"><img decoding=\"async\" width=\"300\" height=\"169\" title=\"By-alarmPlus\" src=\"https:\/\/laguidaelettrica.it\/wp-content\/uploads\/2023\/07\/By-alarmPlus-300x169.jpg\" alt class=\"img-responsive wp-image-22015\" srcset=\"https:\/\/laguidaelettrica.it\/wp-content\/uploads\/2023\/07\/By-alarmPlus-200x113.jpg 200w, https:\/\/laguidaelettrica.it\/wp-content\/uploads\/2023\/07\/By-alarmPlus-400x225.jpg 400w, https:\/\/laguidaelettrica.it\/wp-content\/uploads\/2023\/07\/By-alarmPlus.jpg 600w\" sizes=\"(max-width: 800px) 100vw, 300px\" \/><\/span><\/div><div class=\"fusion-text fusion-text-10\" style=\"--awb-text-transform:none;\"><p>Da poco rinnovato nella gamma di prodotti dal design compatto e da nuove funzionalit\u00e0, per creare un sistema modulare e scalabile, By-alarm Plus amplia l\u2019offerta con una\u00a0<strong>scheda di centrale per impianti a 25 zone<\/strong>\u00a0(art. 03800) e il\u00a0<strong>contenitore plastico<\/strong>\u00a0(art. 03814). Il sistema antintrusione \u00e8 professionale, Made in Italy con certificazione IMQ di grado 3 (Sistemi di sicurezza &#8211; norma CEI EN 50131) e funziona in modalit\u00e0 stand alone o integrato con altri sistemi Vimar, attraverso una connessione IP e app View.<\/p>\n<\/div><div class=\"fusion-text fusion-text-11\" style=\"--awb-text-transform:none;\"><p><strong>Netsafe: nuovi CSOE (Centro per Servizi Ottici di Edificio) e altri componenti<\/strong><\/p>\n<\/div><div class=\"fusion-image-element\" style=\"--awb-caption-title-font-family:var(--h2_typography-font-family);--awb-caption-title-font-weight:var(--h2_typography-font-weight);--awb-caption-title-font-style:var(--h2_typography-font-style);--awb-caption-title-size:var(--h2_typography-font-size);--awb-caption-title-transform:var(--h2_typography-text-transform);--awb-caption-title-line-height:var(--h2_typography-line-height);--awb-caption-title-letter-spacing:var(--h2_typography-letter-spacing);\"><span class=\" fusion-imageframe imageframe-none imageframe-6 hover-type-none\"><img decoding=\"async\" width=\"300\" height=\"169\" title=\"CSOE\" src=\"https:\/\/laguidaelettrica.it\/wp-content\/uploads\/2023\/07\/CSOE-300x169.jpg\" alt class=\"img-responsive wp-image-22016\" srcset=\"https:\/\/laguidaelettrica.it\/wp-content\/uploads\/2023\/07\/CSOE-200x113.jpg 200w, https:\/\/laguidaelettrica.it\/wp-content\/uploads\/2023\/07\/CSOE-400x225.jpg 400w, https:\/\/laguidaelettrica.it\/wp-content\/uploads\/2023\/07\/CSOE.jpg 600w\" sizes=\"(max-width: 800px) 100vw, 300px\" \/><\/span><\/div><div class=\"fusion-text fusion-text-12\" style=\"--awb-text-transform:none;\"><p>Per il cablaggio strutturato Netsafe,\u00a0<strong>tre nuovi prodotti<\/strong>:\u00a0<strong>modulo di distribuzione<\/strong>\u00a0(art.\u00a0<strong>03132)<\/strong>\u00a0per la gestione dei servizi multimediali in fibra ottica (impianto multiservizio), predisposto per l&#8217;alloggiamento di 10 cassetti ottici (art. 03137), un modulo antenna (art. 03133), comprensivo di scompartimento superiore per accesso operatore TLC;\u00a0<strong>modulo antenna<\/strong>\u00a0(art.\u00a0<strong>03133)\u00a0<\/strong>per la gestione dei servizi condominiali condivisi (TV SAT e DTV), da inserire nel modulo distribuzione (art. 03132);\u00a0<strong>cassetto ottico<\/strong>\u00a0(art.\u00a0<strong>03137)\u00a0<\/strong>per la gestione dei servizi abilitati dall&#8217;impianto multiservizio, adatto all&#8217;alloggiamento di cavi in fibra ottica provenienti dalle unit\u00e0 abitative (STOA) o all&#8217;alloggiamento di splitter ottici, dotato di 8 porte e 4 bussole ottiche. Questi nuovi prodotti rinnovano la gamma dei componenti del sistema di cablaggio strutturato Netsafe per reti in fibra ottica e rame e per un edificio sempre pi\u00f9 connesso.<\/p>\n<\/div><div class=\"fusion-text fusion-text-13\" style=\"--awb-text-transform:none;\"><p><a href=\"https:\/\/sitebysite32079.musvc3.net\/e\/tr?q=9%3dPVCcV%26F%3d4X%26A%3dY9cV%26I%3d8bSXCe%26H%3dBwPCM_uwpt_6g_EuVv_Oj_uwpt_5lFCwAySvEG96XWaB.E0A.pQFPfY.A9w_NnwS_XcMw7GCf_NnwS_XcW5fTc_uwpt_5l1IfQ09qP6_LTym_VIiBHvK99GKzOpAANv_NnwS_XceSkoxXxX_LTym_V8XWzHtamWk_EuVv_Oj5fOW_uwpt_5lWW_5fOW-Cc_EuVv_OjDL2LwQE5_uwpt_5aOdyAA8lP2_LTym_V8XWpxC9Cr_NnwS_XRVCXWV6.T9M_uwpt_6lHNp_OBOu92_LTym7x5d_WGy6Nh8LMlP2_LTym_V9QGG_pA1CxI_EuVv_PhqAJMoAGNhN_EuVv_OZxP0_7dIC5lCA_LTym_WG2_19p_NnwS_XSOwI_zIqP2Hw_NnwS_Yad4_XWV5fNeI%260%3d0OvRzW.qAG%26Cv%3dXNW9e%26GM%3d5fOWCcNWCePd7Y%265%3dcCf1V9ZzbBByVdcxZ79OZ5BTcdZx97Yy08axXBbS7icxc50yW68Ub6aSV77S7hAR&amp;mupckp=mupAtu4m8OiX0wt\">SCARICA L&#8217;ELENCO DEI NUOVI ARTICOLI<\/a><\/p>\n<\/div><\/div><\/div><\/div><\/div>\n","protected":false},"excerpt":{"rendered":"","protected":false},"author":2,"featured_media":11492,"comment_status":"open","ping_status":"open","sticky":false,"template":"","format":"standard","meta":{"_jetpack_newsletter_access":"","_jetpack_dont_email_post_to_subs":false,"_jetpack_newsletter_tier_id":0,"_jetpack_memberships_contains_paywalled_content":false,"_jetpack_memberships_contains_paid_content":false,"footnotes":""},"categories":[2],"tags":[],"class_list":["post-22010","post","type-post","status-publish","format-standard","has-post-thumbnail","hentry","category-news"],"yoast_head":"<!-- This site is optimized with the Yoast SEO plugin v28.3 - https:\/\/yoast.com\/product\/yoast-seo-wordpress\/ -->\n<title>Nuovi articoli Vimar - luglio 2023 - La Guida Elettrica<\/title>\n<meta name=\"robots\" content=\"index, follow, max-snippet:-1, max-image-preview:large, max-video-preview:-1\" \/>\n<link rel=\"canonical\" href=\"https:\/\/laguidaelettrica.it\/index.php\/2023\/07\/18\/nuovi-articoli-vimar-luglio-2023\/\" \/>\n<meta property=\"og:locale\" content=\"it_IT\" \/>\n<meta property=\"og:type\" content=\"article\" \/>\n<meta property=\"og:title\" content=\"Nuovi articoli Vimar - luglio 2023 - La Guida Elettrica\" \/>\n<meta property=\"og:url\" content=\"https:\/\/laguidaelettrica.it\/index.php\/2023\/07\/18\/nuovi-articoli-vimar-luglio-2023\/\" \/>\n<meta property=\"og:site_name\" content=\"La Guida Elettrica\" \/>\n<meta property=\"article:publisher\" content=\"https:\/\/www.facebook.com\/GliElettriciMC\" \/>\n<meta property=\"article:published_time\" content=\"2023-07-18T07:28:37+00:00\" \/>\n<meta property=\"og:image\" content=\"https:\/\/laguidaelettrica.it\/wp-content\/uploads\/2023\/02\/VIMAR-150.jpg\" \/>\n\t<meta property=\"og:image:width\" content=\"150\" \/>\n\t<meta property=\"og:image:height\" content=\"90\" \/>\n\t<meta property=\"og:image:type\" content=\"image\/jpeg\" \/>\n<meta name=\"author\" content=\"Giulio Annibali\" \/>\n<meta name=\"twitter:card\" content=\"summary_large_image\" \/>\n<meta name=\"twitter:label1\" content=\"Scritto da\" \/>\n\t<meta name=\"twitter:data1\" content=\"Giulio Annibali\" \/>\n\t<meta name=\"twitter:label2\" content=\"Tempo di lettura stimato\" \/>\n\t<meta name=\"twitter:data2\" content=\"9 minuti\" \/>\n<script type=\"application\/ld+json\" class=\"yoast-schema-graph\">{\"@context\":\"https:\\\/\\\/schema.org\",\"@graph\":[{\"@type\":\"Article\",\"@id\":\"https:\\\/\\\/laguidaelettrica.it\\\/index.php\\\/2023\\\/07\\\/18\\\/nuovi-articoli-vimar-luglio-2023\\\/#article\",\"isPartOf\":{\"@id\":\"https:\\\/\\\/laguidaelettrica.it\\\/index.php\\\/2023\\\/07\\\/18\\\/nuovi-articoli-vimar-luglio-2023\\\/\"},\"author\":{\"name\":\"Giulio Annibali\",\"@id\":\"https:\\\/\\\/laguidaelettrica.it\\\/#\\\/schema\\\/person\\\/f07670b01360f99670b969912755a487\"},\"headline\":\"Nuovi articoli Vimar &#8211; luglio 2023\",\"datePublished\":\"2023-07-18T07:28:37+00:00\",\"mainEntityOfPage\":{\"@id\":\"https:\\\/\\\/laguidaelettrica.it\\\/index.php\\\/2023\\\/07\\\/18\\\/nuovi-articoli-vimar-luglio-2023\\\/\"},\"wordCount\":3308,\"commentCount\":2,\"publisher\":{\"@id\":\"https:\\\/\\\/laguidaelettrica.it\\\/#organization\"},\"image\":{\"@id\":\"https:\\\/\\\/laguidaelettrica.it\\\/index.php\\\/2023\\\/07\\\/18\\\/nuovi-articoli-vimar-luglio-2023\\\/#primaryimage\"},\"thumbnailUrl\":\"https:\\\/\\\/laguidaelettrica.it\\\/wp-content\\\/uploads\\\/2023\\\/02\\\/VIMAR-150.jpg\",\"articleSection\":[\"News\"],\"inLanguage\":\"it-IT\",\"potentialAction\":[{\"@type\":\"CommentAction\",\"name\":\"Comment\",\"target\":[\"https:\\\/\\\/laguidaelettrica.it\\\/index.php\\\/2023\\\/07\\\/18\\\/nuovi-articoli-vimar-luglio-2023\\\/#respond\"]}]},{\"@type\":\"WebPage\",\"@id\":\"https:\\\/\\\/laguidaelettrica.it\\\/index.php\\\/2023\\\/07\\\/18\\\/nuovi-articoli-vimar-luglio-2023\\\/\",\"url\":\"https:\\\/\\\/laguidaelettrica.it\\\/index.php\\\/2023\\\/07\\\/18\\\/nuovi-articoli-vimar-luglio-2023\\\/\",\"name\":\"Nuovi articoli Vimar - luglio 2023 - La Guida Elettrica\",\"isPartOf\":{\"@id\":\"https:\\\/\\\/laguidaelettrica.it\\\/#website\"},\"primaryImageOfPage\":{\"@id\":\"https:\\\/\\\/laguidaelettrica.it\\\/index.php\\\/2023\\\/07\\\/18\\\/nuovi-articoli-vimar-luglio-2023\\\/#primaryimage\"},\"image\":{\"@id\":\"https:\\\/\\\/laguidaelettrica.it\\\/index.php\\\/2023\\\/07\\\/18\\\/nuovi-articoli-vimar-luglio-2023\\\/#primaryimage\"},\"thumbnailUrl\":\"https:\\\/\\\/laguidaelettrica.it\\\/wp-content\\\/uploads\\\/2023\\\/02\\\/VIMAR-150.jpg\",\"datePublished\":\"2023-07-18T07:28:37+00:00\",\"breadcrumb\":{\"@id\":\"https:\\\/\\\/laguidaelettrica.it\\\/index.php\\\/2023\\\/07\\\/18\\\/nuovi-articoli-vimar-luglio-2023\\\/#breadcrumb\"},\"inLanguage\":\"it-IT\",\"potentialAction\":[{\"@type\":\"ReadAction\",\"target\":[\"https:\\\/\\\/laguidaelettrica.it\\\/index.php\\\/2023\\\/07\\\/18\\\/nuovi-articoli-vimar-luglio-2023\\\/\"]}]},{\"@type\":\"ImageObject\",\"inLanguage\":\"it-IT\",\"@id\":\"https:\\\/\\\/laguidaelettrica.it\\\/index.php\\\/2023\\\/07\\\/18\\\/nuovi-articoli-vimar-luglio-2023\\\/#primaryimage\",\"url\":\"https:\\\/\\\/laguidaelettrica.it\\\/wp-content\\\/uploads\\\/2023\\\/02\\\/VIMAR-150.jpg\",\"contentUrl\":\"https:\\\/\\\/laguidaelettrica.it\\\/wp-content\\\/uploads\\\/2023\\\/02\\\/VIMAR-150.jpg\",\"width\":150,\"height\":90},{\"@type\":\"BreadcrumbList\",\"@id\":\"https:\\\/\\\/laguidaelettrica.it\\\/index.php\\\/2023\\\/07\\\/18\\\/nuovi-articoli-vimar-luglio-2023\\\/#breadcrumb\",\"itemListElement\":[{\"@type\":\"ListItem\",\"position\":1,\"name\":\"Home\",\"item\":\"https:\\\/\\\/laguidaelettrica.it\\\/\"},{\"@type\":\"ListItem\",\"position\":2,\"name\":\"Nuovi articoli Vimar &#8211; luglio 2023\"}]},{\"@type\":\"WebSite\",\"@id\":\"https:\\\/\\\/laguidaelettrica.it\\\/#website\",\"url\":\"https:\\\/\\\/laguidaelettrica.it\\\/\",\"name\":\"La Guida Elettrica\",\"description\":\"I migliori prodotti per gli elettricisti\",\"publisher\":{\"@id\":\"https:\\\/\\\/laguidaelettrica.it\\\/#organization\"},\"potentialAction\":[{\"@type\":\"SearchAction\",\"target\":{\"@type\":\"EntryPoint\",\"urlTemplate\":\"https:\\\/\\\/laguidaelettrica.it\\\/?s={search_term_string}\"},\"query-input\":{\"@type\":\"PropertyValueSpecification\",\"valueRequired\":true,\"valueName\":\"search_term_string\"}}],\"inLanguage\":\"it-IT\"},{\"@type\":\"Organization\",\"@id\":\"https:\\\/\\\/laguidaelettrica.it\\\/#organization\",\"name\":\"Gli Elettrici\",\"url\":\"https:\\\/\\\/laguidaelettrica.it\\\/\",\"logo\":{\"@type\":\"ImageObject\",\"inLanguage\":\"it-IT\",\"@id\":\"https:\\\/\\\/laguidaelettrica.it\\\/#\\\/schema\\\/logo\\\/image\\\/\",\"url\":\"https:\\\/\\\/laguidaelettrica.it\\\/wp-content\\\/uploads\\\/2022\\\/07\\\/Gli-elettrici-energia-alternativa.jpg\",\"contentUrl\":\"https:\\\/\\\/laguidaelettrica.it\\\/wp-content\\\/uploads\\\/2022\\\/07\\\/Gli-elettrici-energia-alternativa.jpg\",\"width\":399,\"height\":109,\"caption\":\"Gli Elettrici\"},\"image\":{\"@id\":\"https:\\\/\\\/laguidaelettrica.it\\\/#\\\/schema\\\/logo\\\/image\\\/\"},\"sameAs\":[\"https:\\\/\\\/www.facebook.com\\\/GliElettriciMC\",\"https:\\\/\\\/www.instagram.com\\\/GliElettrici\\\/\",\"https:\\\/\\\/www.youtube.com\\\/channel\\\/UC0Sdag04NMAUB1HBlhatDLg\"]},{\"@type\":\"Person\",\"@id\":\"https:\\\/\\\/laguidaelettrica.it\\\/#\\\/schema\\\/person\\\/f07670b01360f99670b969912755a487\",\"name\":\"Giulio Annibali\",\"url\":\"https:\\\/\\\/laguidaelettrica.it\\\/index.php\\\/author\\\/giulio\\\/\"}]}<\/script>\n<!-- \/ Yoast SEO plugin. -->","yoast_head_json":{"title":"Nuovi articoli Vimar - luglio 2023 - La Guida Elettrica","robots":{"index":"index","follow":"follow","max-snippet":"max-snippet:-1","max-image-preview":"max-image-preview:large","max-video-preview":"max-video-preview:-1"},"canonical":"https:\/\/laguidaelettrica.it\/index.php\/2023\/07\/18\/nuovi-articoli-vimar-luglio-2023\/","og_locale":"it_IT","og_type":"article","og_title":"Nuovi articoli Vimar - luglio 2023 - La Guida Elettrica","og_url":"https:\/\/laguidaelettrica.it\/index.php\/2023\/07\/18\/nuovi-articoli-vimar-luglio-2023\/","og_site_name":"La Guida Elettrica","article_publisher":"https:\/\/www.facebook.com\/GliElettriciMC","article_published_time":"2023-07-18T07:28:37+00:00","og_image":[{"width":150,"height":90,"url":"https:\/\/laguidaelettrica.it\/wp-content\/uploads\/2023\/02\/VIMAR-150.jpg","type":"image\/jpeg"}],"author":"Giulio Annibali","twitter_card":"summary_large_image","twitter_misc":{"Scritto da":"Giulio Annibali","Tempo di lettura stimato":"9 minuti"},"schema":{"@context":"https:\/\/schema.org","@graph":[{"@type":"Article","@id":"https:\/\/laguidaelettrica.it\/index.php\/2023\/07\/18\/nuovi-articoli-vimar-luglio-2023\/#article","isPartOf":{"@id":"https:\/\/laguidaelettrica.it\/index.php\/2023\/07\/18\/nuovi-articoli-vimar-luglio-2023\/"},"author":{"name":"Giulio Annibali","@id":"https:\/\/laguidaelettrica.it\/#\/schema\/person\/f07670b01360f99670b969912755a487"},"headline":"Nuovi articoli Vimar &#8211; luglio 2023","datePublished":"2023-07-18T07:28:37+00:00","mainEntityOfPage":{"@id":"https:\/\/laguidaelettrica.it\/index.php\/2023\/07\/18\/nuovi-articoli-vimar-luglio-2023\/"},"wordCount":3308,"commentCount":2,"publisher":{"@id":"https:\/\/laguidaelettrica.it\/#organization"},"image":{"@id":"https:\/\/laguidaelettrica.it\/index.php\/2023\/07\/18\/nuovi-articoli-vimar-luglio-2023\/#primaryimage"},"thumbnailUrl":"https:\/\/laguidaelettrica.it\/wp-content\/uploads\/2023\/02\/VIMAR-150.jpg","articleSection":["News"],"inLanguage":"it-IT","potentialAction":[{"@type":"CommentAction","name":"Comment","target":["https:\/\/laguidaelettrica.it\/index.php\/2023\/07\/18\/nuovi-articoli-vimar-luglio-2023\/#respond"]}]},{"@type":"WebPage","@id":"https:\/\/laguidaelettrica.it\/index.php\/2023\/07\/18\/nuovi-articoli-vimar-luglio-2023\/","url":"https:\/\/laguidaelettrica.it\/index.php\/2023\/07\/18\/nuovi-articoli-vimar-luglio-2023\/","name":"Nuovi articoli Vimar - luglio 2023 - La Guida Elettrica","isPartOf":{"@id":"https:\/\/laguidaelettrica.it\/#website"},"primaryImageOfPage":{"@id":"https:\/\/laguidaelettrica.it\/index.php\/2023\/07\/18\/nuovi-articoli-vimar-luglio-2023\/#primaryimage"},"image":{"@id":"https:\/\/laguidaelettrica.it\/index.php\/2023\/07\/18\/nuovi-articoli-vimar-luglio-2023\/#primaryimage"},"thumbnailUrl":"https:\/\/laguidaelettrica.it\/wp-content\/uploads\/2023\/02\/VIMAR-150.jpg","datePublished":"2023-07-18T07:28:37+00:00","breadcrumb":{"@id":"https:\/\/laguidaelettrica.it\/index.php\/2023\/07\/18\/nuovi-articoli-vimar-luglio-2023\/#breadcrumb"},"inLanguage":"it-IT","potentialAction":[{"@type":"ReadAction","target":["https:\/\/laguidaelettrica.it\/index.php\/2023\/07\/18\/nuovi-articoli-vimar-luglio-2023\/"]}]},{"@type":"ImageObject","inLanguage":"it-IT","@id":"https:\/\/laguidaelettrica.it\/index.php\/2023\/07\/18\/nuovi-articoli-vimar-luglio-2023\/#primaryimage","url":"https:\/\/laguidaelettrica.it\/wp-content\/uploads\/2023\/02\/VIMAR-150.jpg","contentUrl":"https:\/\/laguidaelettrica.it\/wp-content\/uploads\/2023\/02\/VIMAR-150.jpg","width":150,"height":90},{"@type":"BreadcrumbList","@id":"https:\/\/laguidaelettrica.it\/index.php\/2023\/07\/18\/nuovi-articoli-vimar-luglio-2023\/#breadcrumb","itemListElement":[{"@type":"ListItem","position":1,"name":"Home","item":"https:\/\/laguidaelettrica.it\/"},{"@type":"ListItem","position":2,"name":"Nuovi articoli Vimar &#8211; luglio 2023"}]},{"@type":"WebSite","@id":"https:\/\/laguidaelettrica.it\/#website","url":"https:\/\/laguidaelettrica.it\/","name":"La Guida Elettrica","description":"I migliori prodotti per gli elettricisti","publisher":{"@id":"https:\/\/laguidaelettrica.it\/#organization"},"potentialAction":[{"@type":"SearchAction","target":{"@type":"EntryPoint","urlTemplate":"https:\/\/laguidaelettrica.it\/?s={search_term_string}"},"query-input":{"@type":"PropertyValueSpecification","valueRequired":true,"valueName":"search_term_string"}}],"inLanguage":"it-IT"},{"@type":"Organization","@id":"https:\/\/laguidaelettrica.it\/#organization","name":"Gli Elettrici","url":"https:\/\/laguidaelettrica.it\/","logo":{"@type":"ImageObject","inLanguage":"it-IT","@id":"https:\/\/laguidaelettrica.it\/#\/schema\/logo\/image\/","url":"https:\/\/laguidaelettrica.it\/wp-content\/uploads\/2022\/07\/Gli-elettrici-energia-alternativa.jpg","contentUrl":"https:\/\/laguidaelettrica.it\/wp-content\/uploads\/2022\/07\/Gli-elettrici-energia-alternativa.jpg","width":399,"height":109,"caption":"Gli Elettrici"},"image":{"@id":"https:\/\/laguidaelettrica.it\/#\/schema\/logo\/image\/"},"sameAs":["https:\/\/www.facebook.com\/GliElettriciMC","https:\/\/www.instagram.com\/GliElettrici\/","https:\/\/www.youtube.com\/channel\/UC0Sdag04NMAUB1HBlhatDLg"]},{"@type":"Person","@id":"https:\/\/laguidaelettrica.it\/#\/schema\/person\/f07670b01360f99670b969912755a487","name":"Giulio Annibali","url":"https:\/\/laguidaelettrica.it\/index.php\/author\/giulio\/"}]}},"jetpack_sharing_enabled":true,"jetpack_featured_media_url":"https:\/\/laguidaelettrica.it\/wp-content\/uploads\/2023\/02\/VIMAR-150.jpg","_links":{"self":[{"href":"https:\/\/laguidaelettrica.it\/index.php\/wp-json\/wp\/v2\/posts\/22010","targetHints":{"allow":["GET"]}}],"collection":[{"href":"https:\/\/laguidaelettrica.it\/index.php\/wp-json\/wp\/v2\/posts"}],"about":[{"href":"https:\/\/laguidaelettrica.it\/index.php\/wp-json\/wp\/v2\/types\/post"}],"author":[{"embeddable":true,"href":"https:\/\/laguidaelettrica.it\/index.php\/wp-json\/wp\/v2\/users\/2"}],"replies":[{"embeddable":true,"href":"https:\/\/laguidaelettrica.it\/index.php\/wp-json\/wp\/v2\/comments?post=22010"}],"version-history":[{"count":2,"href":"https:\/\/laguidaelettrica.it\/index.php\/wp-json\/wp\/v2\/posts\/22010\/revisions"}],"predecessor-version":[{"id":22018,"href":"https:\/\/laguidaelettrica.it\/index.php\/wp-json\/wp\/v2\/posts\/22010\/revisions\/22018"}],"wp:featuredmedia":[{"embeddable":true,"href":"https:\/\/laguidaelettrica.it\/index.php\/wp-json\/wp\/v2\/media\/11492"}],"wp:attachment":[{"href":"https:\/\/laguidaelettrica.it\/index.php\/wp-json\/wp\/v2\/media?parent=22010"}],"wp:term":[{"taxonomy":"category","embeddable":true,"href":"https:\/\/laguidaelettrica.it\/index.php\/wp-json\/wp\/v2\/categories?post=22010"},{"taxonomy":"post_tag","embeddable":true,"href":"https:\/\/laguidaelettrica.it\/index.php\/wp-json\/wp\/v2\/tags?post=22010"}],"curies":[{"name":"wp","href":"https:\/\/api.w.org\/{rel}","templated":true}]}}