{"id":305603,"date":"2026-04-01T14:56:28","date_gmt":"2026-04-01T12:56:28","guid":{"rendered":"https:\/\/laguidaelettrica.it\/?p=305603"},"modified":"2026-04-01T14:56:28","modified_gmt":"2026-04-01T12:56:28","slug":"gamma-abb-per-il-fotovoltaico-efficienza-alla-luce-del-sole","status":"publish","type":"post","link":"https:\/\/laguidaelettrica.it\/index.php\/2026\/04\/01\/gamma-abb-per-il-fotovoltaico-efficienza-alla-luce-del-sole\/","title":{"rendered":"Gamma ABB per il fotovoltaico: efficienza alla luce del sole"},"content":{"rendered":"<div class=\"fusion-fullwidth fullwidth-box fusion-builder-row-1 fusion-flex-container has-pattern-background has-mask-background nonhundred-percent-fullwidth non-hundred-percent-height-scrolling\" style=\"--awb-border-radius-top-left:0px;--awb-border-radius-top-right:0px;--awb-border-radius-bottom-right:0px;--awb-border-radius-bottom-left:0px;--awb-flex-wrap:wrap;\" ><div class=\"fusion-builder-row fusion-row fusion-flex-align-items-flex-start fusion-flex-content-wrap\" style=\"max-width:1123.2px;margin-left: calc(-4% \/ 2 );margin-right: calc(-4% \/ 2 );\"><div class=\"fusion-layout-column fusion_builder_column fusion-builder-column-0 fusion_builder_column_1_1 1_1 fusion-flex-column\" style=\"--awb-bg-size:cover;--awb-width-large:100%;--awb-margin-top-large:0px;--awb-spacing-right-large:1.92%;--awb-margin-bottom-large:20px;--awb-spacing-left-large:1.92%;--awb-width-medium:100%;--awb-order-medium:0;--awb-spacing-right-medium:1.92%;--awb-spacing-left-medium:1.92%;--awb-width-small:100%;--awb-order-small:0;--awb-spacing-right-small:1.92%;--awb-spacing-left-small:1.92%;\"><div class=\"fusion-column-wrapper fusion-column-has-shadow fusion-flex-justify-content-flex-start fusion-content-layout-column\"><div class=\"fusion-text fusion-text-1\"><p><img decoding=\"async\" class=\"aligncenter\" src=\"https:\/\/cdn.voltimum.com\/it\/12287\/voltimum-abb-fotovoltaico.jpg?width=480\" alt=\"Gamma ABB per il fotovoltaico: efficienza alla luce del sole \" width=\"534\" height=\"360\" \/><\/p>\n<div>\n<p>In un mercato dell\u2019energia in piena accelerazione verso il rinnovabile, <strong>ABB \u00e8 il partner ideale per trasformare il sole in valore concreto<\/strong>. Grazie a un portafoglio completo e perfettamente integrato, ABB offre soluzioni fotovoltaiche affidabili, scalabili e pronte a supportare la crescita di ogni progetto.<\/p>\n<p><strong>Gamma ABB per il fotovoltaico: pi\u00f9 efficienza, pi\u00f9 controllo, pi\u00f9 risultati<\/strong><br \/>\nDalla produzione dell\u2019energia alla sua distribuzione, dal monitoraggio intelligente alla protezione degli impianti, l\u2019ecosistema ABB Electrification accompagna ogni fase del ciclo di vita del fotovoltaico. Ogni soluzione \u00e8 progettata per massimizzare le prestazioni, aumentare la sicurezza e garantire continuit\u00e0 operativa, oggi e nel futuro.<\/p>\n<p>Il vero vantaggio competitivo \u00e8 la <strong>completezza dell\u2019offerta<\/strong>: interruttori, sezionatori, sistemi di misura, quadri, portafusibili, protezioni da sovratensione e soluzioni in media tensione sono disponibili in un unico catalogo, pensato per applicazioni residenziali, commerciali, industriali e utility scale. Questo significa <strong>un solo interlocutore, meno complessit\u00e0 e tempi di installazione ridotti<\/strong>, con un miglioramento dell\u2019efficienza del sistema fino al 35% grazie a un bilanciamento energetico ottimizzato.<\/p>\n<p>Scegliere ABB significa anche contare su <strong>un\u2019esperienza globale supportata da una presenza locale<\/strong>, con componenti certificati per operare in totale affidabilit\u00e0 anche nelle condizioni pi\u00f9 impegnative: temperature fino a 55 \u00b0C e installazioni fino a 4.000 metri di altitudine. Un investimento sicuro, pensato per durare nel tempo e garantire prestazioni costanti, ovunque.<\/p>\n<\/div>\n<h2><strong><a href=\"https:\/\/cataloghi.it.abb.com\/view\/233285741\/?utm_source=voltinews&amp;utm_medium=email&amp;utm_content=landing_sito&amp;utm_campaign=2026_FV_fotovoltaico\">SCARICA LA BROCHURE<\/a><\/strong><\/h2>\n<\/div><\/div><\/div><\/div><\/div>\n","protected":false},"excerpt":{"rendered":"","protected":false},"author":2,"featured_media":189287,"comment_status":"open","ping_status":"open","sticky":false,"template":"","format":"standard","meta":{"_jetpack_newsletter_access":"","_jetpack_dont_email_post_to_subs":false,"_jetpack_newsletter_tier_id":0,"_jetpack_memberships_contains_paywalled_content":false,"_jetpack_memberships_contains_paid_content":false,"footnotes":""},"categories":[2],"tags":[],"class_list":["post-305603","post","type-post","status-publish","format-standard","has-post-thumbnail","hentry","category-news"],"yoast_head":"<!-- This site is optimized with the Yoast SEO plugin v28.3 - https:\/\/yoast.com\/product\/yoast-seo-wordpress\/ -->\n<title>Gamma ABB per il fotovoltaico: efficienza alla luce del sole - La Guida Elettrica<\/title>\n<meta name=\"robots\" content=\"index, follow, max-snippet:-1, max-image-preview:large, max-video-preview:-1\" \/>\n<link rel=\"canonical\" href=\"https:\/\/laguidaelettrica.it\/index.php\/2026\/04\/01\/gamma-abb-per-il-fotovoltaico-efficienza-alla-luce-del-sole\/\" \/>\n<meta property=\"og:locale\" content=\"it_IT\" \/>\n<meta property=\"og:type\" content=\"article\" \/>\n<meta property=\"og:title\" content=\"Gamma ABB per il fotovoltaico: efficienza alla luce del sole - La Guida Elettrica\" \/>\n<meta property=\"og:url\" content=\"https:\/\/laguidaelettrica.it\/index.php\/2026\/04\/01\/gamma-abb-per-il-fotovoltaico-efficienza-alla-luce-del-sole\/\" \/>\n<meta property=\"og:site_name\" content=\"La Guida Elettrica\" \/>\n<meta property=\"article:publisher\" content=\"https:\/\/www.facebook.com\/GliElettriciMC\" \/>\n<meta property=\"article:published_time\" content=\"2026-04-01T12:56:28+00:00\" \/>\n<meta property=\"og:image\" content=\"https:\/\/laguidaelettrica.it\/wp-content\/uploads\/2025\/12\/ABB.jpg\" \/>\n\t<meta property=\"og:image:width\" content=\"350\" \/>\n\t<meta property=\"og:image:height\" content=\"350\" \/>\n\t<meta property=\"og:image:type\" content=\"image\/jpeg\" \/>\n<meta name=\"author\" content=\"Giulio Annibali\" \/>\n<meta name=\"twitter:card\" content=\"summary_large_image\" \/>\n<meta name=\"twitter:label1\" content=\"Scritto da\" \/>\n\t<meta name=\"twitter:data1\" content=\"Giulio Annibali\" \/>\n\t<meta name=\"twitter:label2\" content=\"Tempo di lettura stimato\" \/>\n\t<meta name=\"twitter:data2\" content=\"2 minuti\" \/>\n<script type=\"application\/ld+json\" class=\"yoast-schema-graph\">{\"@context\":\"https:\\\/\\\/schema.org\",\"@graph\":[{\"@type\":\"Article\",\"@id\":\"https:\\\/\\\/laguidaelettrica.it\\\/index.php\\\/2026\\\/04\\\/01\\\/gamma-abb-per-il-fotovoltaico-efficienza-alla-luce-del-sole\\\/#article\",\"isPartOf\":{\"@id\":\"https:\\\/\\\/laguidaelettrica.it\\\/index.php\\\/2026\\\/04\\\/01\\\/gamma-abb-per-il-fotovoltaico-efficienza-alla-luce-del-sole\\\/\"},\"author\":{\"name\":\"Giulio Annibali\",\"@id\":\"https:\\\/\\\/laguidaelettrica.it\\\/#\\\/schema\\\/person\\\/f07670b01360f99670b969912755a487\"},\"headline\":\"Gamma ABB per il fotovoltaico: efficienza alla luce del sole\",\"datePublished\":\"2026-04-01T12:56:28+00:00\",\"mainEntityOfPage\":{\"@id\":\"https:\\\/\\\/laguidaelettrica.it\\\/index.php\\\/2026\\\/04\\\/01\\\/gamma-abb-per-il-fotovoltaico-efficienza-alla-luce-del-sole\\\/\"},\"wordCount\":1327,\"commentCount\":2,\"publisher\":{\"@id\":\"https:\\\/\\\/laguidaelettrica.it\\\/#organization\"},\"image\":{\"@id\":\"https:\\\/\\\/laguidaelettrica.it\\\/index.php\\\/2026\\\/04\\\/01\\\/gamma-abb-per-il-fotovoltaico-efficienza-alla-luce-del-sole\\\/#primaryimage\"},\"thumbnailUrl\":\"https:\\\/\\\/laguidaelettrica.it\\\/wp-content\\\/uploads\\\/2025\\\/12\\\/ABB.jpg\",\"articleSection\":[\"News\"],\"inLanguage\":\"it-IT\",\"potentialAction\":[{\"@type\":\"CommentAction\",\"name\":\"Comment\",\"target\":[\"https:\\\/\\\/laguidaelettrica.it\\\/index.php\\\/2026\\\/04\\\/01\\\/gamma-abb-per-il-fotovoltaico-efficienza-alla-luce-del-sole\\\/#respond\"]}]},{\"@type\":\"WebPage\",\"@id\":\"https:\\\/\\\/laguidaelettrica.it\\\/index.php\\\/2026\\\/04\\\/01\\\/gamma-abb-per-il-fotovoltaico-efficienza-alla-luce-del-sole\\\/\",\"url\":\"https:\\\/\\\/laguidaelettrica.it\\\/index.php\\\/2026\\\/04\\\/01\\\/gamma-abb-per-il-fotovoltaico-efficienza-alla-luce-del-sole\\\/\",\"name\":\"Gamma ABB per il fotovoltaico: efficienza alla luce del sole - La Guida Elettrica\",\"isPartOf\":{\"@id\":\"https:\\\/\\\/laguidaelettrica.it\\\/#website\"},\"primaryImageOfPage\":{\"@id\":\"https:\\\/\\\/laguidaelettrica.it\\\/index.php\\\/2026\\\/04\\\/01\\\/gamma-abb-per-il-fotovoltaico-efficienza-alla-luce-del-sole\\\/#primaryimage\"},\"image\":{\"@id\":\"https:\\\/\\\/laguidaelettrica.it\\\/index.php\\\/2026\\\/04\\\/01\\\/gamma-abb-per-il-fotovoltaico-efficienza-alla-luce-del-sole\\\/#primaryimage\"},\"thumbnailUrl\":\"https:\\\/\\\/laguidaelettrica.it\\\/wp-content\\\/uploads\\\/2025\\\/12\\\/ABB.jpg\",\"datePublished\":\"2026-04-01T12:56:28+00:00\",\"breadcrumb\":{\"@id\":\"https:\\\/\\\/laguidaelettrica.it\\\/index.php\\\/2026\\\/04\\\/01\\\/gamma-abb-per-il-fotovoltaico-efficienza-alla-luce-del-sole\\\/#breadcrumb\"},\"inLanguage\":\"it-IT\",\"potentialAction\":[{\"@type\":\"ReadAction\",\"target\":[\"https:\\\/\\\/laguidaelettrica.it\\\/index.php\\\/2026\\\/04\\\/01\\\/gamma-abb-per-il-fotovoltaico-efficienza-alla-luce-del-sole\\\/\"]}]},{\"@type\":\"ImageObject\",\"inLanguage\":\"it-IT\",\"@id\":\"https:\\\/\\\/laguidaelettrica.it\\\/index.php\\\/2026\\\/04\\\/01\\\/gamma-abb-per-il-fotovoltaico-efficienza-alla-luce-del-sole\\\/#primaryimage\",\"url\":\"https:\\\/\\\/laguidaelettrica.it\\\/wp-content\\\/uploads\\\/2025\\\/12\\\/ABB.jpg\",\"contentUrl\":\"https:\\\/\\\/laguidaelettrica.it\\\/wp-content\\\/uploads\\\/2025\\\/12\\\/ABB.jpg\",\"width\":350,\"height\":350},{\"@type\":\"BreadcrumbList\",\"@id\":\"https:\\\/\\\/laguidaelettrica.it\\\/index.php\\\/2026\\\/04\\\/01\\\/gamma-abb-per-il-fotovoltaico-efficienza-alla-luce-del-sole\\\/#breadcrumb\",\"itemListElement\":[{\"@type\":\"ListItem\",\"position\":1,\"name\":\"Home\",\"item\":\"https:\\\/\\\/laguidaelettrica.it\\\/\"},{\"@type\":\"ListItem\",\"position\":2,\"name\":\"Gamma ABB per il fotovoltaico: efficienza alla luce del sole\"}]},{\"@type\":\"WebSite\",\"@id\":\"https:\\\/\\\/laguidaelettrica.it\\\/#website\",\"url\":\"https:\\\/\\\/laguidaelettrica.it\\\/\",\"name\":\"La Guida Elettrica\",\"description\":\"I migliori prodotti per gli elettricisti\",\"publisher\":{\"@id\":\"https:\\\/\\\/laguidaelettrica.it\\\/#organization\"},\"potentialAction\":[{\"@type\":\"SearchAction\",\"target\":{\"@type\":\"EntryPoint\",\"urlTemplate\":\"https:\\\/\\\/laguidaelettrica.it\\\/?s={search_term_string}\"},\"query-input\":{\"@type\":\"PropertyValueSpecification\",\"valueRequired\":true,\"valueName\":\"search_term_string\"}}],\"inLanguage\":\"it-IT\"},{\"@type\":\"Organization\",\"@id\":\"https:\\\/\\\/laguidaelettrica.it\\\/#organization\",\"name\":\"Gli Elettrici\",\"url\":\"https:\\\/\\\/laguidaelettrica.it\\\/\",\"logo\":{\"@type\":\"ImageObject\",\"inLanguage\":\"it-IT\",\"@id\":\"https:\\\/\\\/laguidaelettrica.it\\\/#\\\/schema\\\/logo\\\/image\\\/\",\"url\":\"https:\\\/\\\/laguidaelettrica.it\\\/wp-content\\\/uploads\\\/2022\\\/07\\\/Gli-elettrici-energia-alternativa.jpg\",\"contentUrl\":\"https:\\\/\\\/laguidaelettrica.it\\\/wp-content\\\/uploads\\\/2022\\\/07\\\/Gli-elettrici-energia-alternativa.jpg\",\"width\":399,\"height\":109,\"caption\":\"Gli Elettrici\"},\"image\":{\"@id\":\"https:\\\/\\\/laguidaelettrica.it\\\/#\\\/schema\\\/logo\\\/image\\\/\"},\"sameAs\":[\"https:\\\/\\\/www.facebook.com\\\/GliElettriciMC\",\"https:\\\/\\\/www.instagram.com\\\/GliElettrici\\\/\",\"https:\\\/\\\/www.youtube.com\\\/channel\\\/UC0Sdag04NMAUB1HBlhatDLg\"]},{\"@type\":\"Person\",\"@id\":\"https:\\\/\\\/laguidaelettrica.it\\\/#\\\/schema\\\/person\\\/f07670b01360f99670b969912755a487\",\"name\":\"Giulio Annibali\",\"url\":\"https:\\\/\\\/laguidaelettrica.it\\\/index.php\\\/author\\\/giulio\\\/\"}]}<\/script>\n<!-- \/ Yoast SEO plugin. -->","yoast_head_json":{"title":"Gamma ABB per il fotovoltaico: efficienza alla luce del sole - La Guida Elettrica","robots":{"index":"index","follow":"follow","max-snippet":"max-snippet:-1","max-image-preview":"max-image-preview:large","max-video-preview":"max-video-preview:-1"},"canonical":"https:\/\/laguidaelettrica.it\/index.php\/2026\/04\/01\/gamma-abb-per-il-fotovoltaico-efficienza-alla-luce-del-sole\/","og_locale":"it_IT","og_type":"article","og_title":"Gamma ABB per il fotovoltaico: efficienza alla luce del sole - La Guida Elettrica","og_url":"https:\/\/laguidaelettrica.it\/index.php\/2026\/04\/01\/gamma-abb-per-il-fotovoltaico-efficienza-alla-luce-del-sole\/","og_site_name":"La Guida Elettrica","article_publisher":"https:\/\/www.facebook.com\/GliElettriciMC","article_published_time":"2026-04-01T12:56:28+00:00","og_image":[{"width":350,"height":350,"url":"https:\/\/laguidaelettrica.it\/wp-content\/uploads\/2025\/12\/ABB.jpg","type":"image\/jpeg"}],"author":"Giulio Annibali","twitter_card":"summary_large_image","twitter_misc":{"Scritto da":"Giulio Annibali","Tempo di lettura stimato":"2 minuti"},"schema":{"@context":"https:\/\/schema.org","@graph":[{"@type":"Article","@id":"https:\/\/laguidaelettrica.it\/index.php\/2026\/04\/01\/gamma-abb-per-il-fotovoltaico-efficienza-alla-luce-del-sole\/#article","isPartOf":{"@id":"https:\/\/laguidaelettrica.it\/index.php\/2026\/04\/01\/gamma-abb-per-il-fotovoltaico-efficienza-alla-luce-del-sole\/"},"author":{"name":"Giulio Annibali","@id":"https:\/\/laguidaelettrica.it\/#\/schema\/person\/f07670b01360f99670b969912755a487"},"headline":"Gamma ABB per il fotovoltaico: efficienza alla luce del sole","datePublished":"2026-04-01T12:56:28+00:00","mainEntityOfPage":{"@id":"https:\/\/laguidaelettrica.it\/index.php\/2026\/04\/01\/gamma-abb-per-il-fotovoltaico-efficienza-alla-luce-del-sole\/"},"wordCount":1327,"commentCount":2,"publisher":{"@id":"https:\/\/laguidaelettrica.it\/#organization"},"image":{"@id":"https:\/\/laguidaelettrica.it\/index.php\/2026\/04\/01\/gamma-abb-per-il-fotovoltaico-efficienza-alla-luce-del-sole\/#primaryimage"},"thumbnailUrl":"https:\/\/laguidaelettrica.it\/wp-content\/uploads\/2025\/12\/ABB.jpg","articleSection":["News"],"inLanguage":"it-IT","potentialAction":[{"@type":"CommentAction","name":"Comment","target":["https:\/\/laguidaelettrica.it\/index.php\/2026\/04\/01\/gamma-abb-per-il-fotovoltaico-efficienza-alla-luce-del-sole\/#respond"]}]},{"@type":"WebPage","@id":"https:\/\/laguidaelettrica.it\/index.php\/2026\/04\/01\/gamma-abb-per-il-fotovoltaico-efficienza-alla-luce-del-sole\/","url":"https:\/\/laguidaelettrica.it\/index.php\/2026\/04\/01\/gamma-abb-per-il-fotovoltaico-efficienza-alla-luce-del-sole\/","name":"Gamma ABB per il fotovoltaico: efficienza alla luce del sole - La Guida Elettrica","isPartOf":{"@id":"https:\/\/laguidaelettrica.it\/#website"},"primaryImageOfPage":{"@id":"https:\/\/laguidaelettrica.it\/index.php\/2026\/04\/01\/gamma-abb-per-il-fotovoltaico-efficienza-alla-luce-del-sole\/#primaryimage"},"image":{"@id":"https:\/\/laguidaelettrica.it\/index.php\/2026\/04\/01\/gamma-abb-per-il-fotovoltaico-efficienza-alla-luce-del-sole\/#primaryimage"},"thumbnailUrl":"https:\/\/laguidaelettrica.it\/wp-content\/uploads\/2025\/12\/ABB.jpg","datePublished":"2026-04-01T12:56:28+00:00","breadcrumb":{"@id":"https:\/\/laguidaelettrica.it\/index.php\/2026\/04\/01\/gamma-abb-per-il-fotovoltaico-efficienza-alla-luce-del-sole\/#breadcrumb"},"inLanguage":"it-IT","potentialAction":[{"@type":"ReadAction","target":["https:\/\/laguidaelettrica.it\/index.php\/2026\/04\/01\/gamma-abb-per-il-fotovoltaico-efficienza-alla-luce-del-sole\/"]}]},{"@type":"ImageObject","inLanguage":"it-IT","@id":"https:\/\/laguidaelettrica.it\/index.php\/2026\/04\/01\/gamma-abb-per-il-fotovoltaico-efficienza-alla-luce-del-sole\/#primaryimage","url":"https:\/\/laguidaelettrica.it\/wp-content\/uploads\/2025\/12\/ABB.jpg","contentUrl":"https:\/\/laguidaelettrica.it\/wp-content\/uploads\/2025\/12\/ABB.jpg","width":350,"height":350},{"@type":"BreadcrumbList","@id":"https:\/\/laguidaelettrica.it\/index.php\/2026\/04\/01\/gamma-abb-per-il-fotovoltaico-efficienza-alla-luce-del-sole\/#breadcrumb","itemListElement":[{"@type":"ListItem","position":1,"name":"Home","item":"https:\/\/laguidaelettrica.it\/"},{"@type":"ListItem","position":2,"name":"Gamma ABB per il fotovoltaico: efficienza alla luce del sole"}]},{"@type":"WebSite","@id":"https:\/\/laguidaelettrica.it\/#website","url":"https:\/\/laguidaelettrica.it\/","name":"La Guida Elettrica","description":"I migliori prodotti per gli elettricisti","publisher":{"@id":"https:\/\/laguidaelettrica.it\/#organization"},"potentialAction":[{"@type":"SearchAction","target":{"@type":"EntryPoint","urlTemplate":"https:\/\/laguidaelettrica.it\/?s={search_term_string}"},"query-input":{"@type":"PropertyValueSpecification","valueRequired":true,"valueName":"search_term_string"}}],"inLanguage":"it-IT"},{"@type":"Organization","@id":"https:\/\/laguidaelettrica.it\/#organization","name":"Gli Elettrici","url":"https:\/\/laguidaelettrica.it\/","logo":{"@type":"ImageObject","inLanguage":"it-IT","@id":"https:\/\/laguidaelettrica.it\/#\/schema\/logo\/image\/","url":"https:\/\/laguidaelettrica.it\/wp-content\/uploads\/2022\/07\/Gli-elettrici-energia-alternativa.jpg","contentUrl":"https:\/\/laguidaelettrica.it\/wp-content\/uploads\/2022\/07\/Gli-elettrici-energia-alternativa.jpg","width":399,"height":109,"caption":"Gli Elettrici"},"image":{"@id":"https:\/\/laguidaelettrica.it\/#\/schema\/logo\/image\/"},"sameAs":["https:\/\/www.facebook.com\/GliElettriciMC","https:\/\/www.instagram.com\/GliElettrici\/","https:\/\/www.youtube.com\/channel\/UC0Sdag04NMAUB1HBlhatDLg"]},{"@type":"Person","@id":"https:\/\/laguidaelettrica.it\/#\/schema\/person\/f07670b01360f99670b969912755a487","name":"Giulio Annibali","url":"https:\/\/laguidaelettrica.it\/index.php\/author\/giulio\/"}]}},"jetpack_sharing_enabled":true,"jetpack_featured_media_url":"https:\/\/laguidaelettrica.it\/wp-content\/uploads\/2025\/12\/ABB.jpg","_links":{"self":[{"href":"https:\/\/laguidaelettrica.it\/index.php\/wp-json\/wp\/v2\/posts\/305603","targetHints":{"allow":["GET"]}}],"collection":[{"href":"https:\/\/laguidaelettrica.it\/index.php\/wp-json\/wp\/v2\/posts"}],"about":[{"href":"https:\/\/laguidaelettrica.it\/index.php\/wp-json\/wp\/v2\/types\/post"}],"author":[{"embeddable":true,"href":"https:\/\/laguidaelettrica.it\/index.php\/wp-json\/wp\/v2\/users\/2"}],"replies":[{"embeddable":true,"href":"https:\/\/laguidaelettrica.it\/index.php\/wp-json\/wp\/v2\/comments?post=305603"}],"version-history":[{"count":1,"href":"https:\/\/laguidaelettrica.it\/index.php\/wp-json\/wp\/v2\/posts\/305603\/revisions"}],"predecessor-version":[{"id":305604,"href":"https:\/\/laguidaelettrica.it\/index.php\/wp-json\/wp\/v2\/posts\/305603\/revisions\/305604"}],"wp:featuredmedia":[{"embeddable":true,"href":"https:\/\/laguidaelettrica.it\/index.php\/wp-json\/wp\/v2\/media\/189287"}],"wp:attachment":[{"href":"https:\/\/laguidaelettrica.it\/index.php\/wp-json\/wp\/v2\/media?parent=305603"}],"wp:term":[{"taxonomy":"category","embeddable":true,"href":"https:\/\/laguidaelettrica.it\/index.php\/wp-json\/wp\/v2\/categories?post=305603"},{"taxonomy":"post_tag","embeddable":true,"href":"https:\/\/laguidaelettrica.it\/index.php\/wp-json\/wp\/v2\/tags?post=305603"}],"curies":[{"name":"wp","href":"https:\/\/api.w.org\/{rel}","templated":true}]}}