{"id":362789,"date":"2026-05-18T11:21:16","date_gmt":"2026-05-18T09:21:16","guid":{"rendered":"https:\/\/laguidaelettrica.it\/?p=362789"},"modified":"2026-05-18T11:21:16","modified_gmt":"2026-05-18T09:21:16","slug":"signify-amplia-il-proprio-portafoglio-professionale-per-lilluminazione-esterna","status":"publish","type":"post","link":"https:\/\/laguidaelettrica.it\/index.php\/2026\/05\/18\/signify-amplia-il-proprio-portafoglio-professionale-per-lilluminazione-esterna\/","title":{"rendered":"SIGNIFY amplia il proprio portafoglio professionale per l&#8217;illuminazione esterna"},"content":{"rendered":"<div class=\"fusion-fullwidth fullwidth-box fusion-builder-row-1 fusion-flex-container has-pattern-background has-mask-background nonhundred-percent-fullwidth non-hundred-percent-height-scrolling\" style=\"--awb-border-radius-top-left:0px;--awb-border-radius-top-right:0px;--awb-border-radius-bottom-right:0px;--awb-border-radius-bottom-left:0px;--awb-flex-wrap:wrap;\" ><div class=\"fusion-builder-row fusion-row fusion-flex-align-items-flex-start fusion-flex-content-wrap\" style=\"max-width:1123.2px;margin-left: calc(-4% \/ 2 );margin-right: calc(-4% \/ 2 );\"><div class=\"fusion-layout-column fusion_builder_column fusion-builder-column-0 fusion_builder_column_1_1 1_1 fusion-flex-column\" style=\"--awb-bg-size:cover;--awb-width-large:100%;--awb-margin-top-large:0px;--awb-spacing-right-large:1.92%;--awb-margin-bottom-large:20px;--awb-spacing-left-large:1.92%;--awb-width-medium:100%;--awb-order-medium:0;--awb-spacing-right-medium:1.92%;--awb-spacing-left-medium:1.92%;--awb-width-small:100%;--awb-order-small:0;--awb-spacing-right-small:1.92%;--awb-spacing-left-small:1.92%;\"><div class=\"fusion-column-wrapper fusion-column-has-shadow fusion-flex-justify-content-flex-start fusion-content-layout-column\"><div class=\"fusion-text fusion-text-1\"><p><img decoding=\"async\" src=\"https:\/\/www.mercatototale.com\/uploads\/news\/18283_dwl_img1.jpg\" \/><\/p>\n<table width=\"100%\" cellspacing=\"0\" cellpadding=\"0\">\n<tbody>\n<tr valign=\"top\">\n<td class=\"testo\"><strong>Signify amplia il proprio portafoglio professionale per l\u2019illuminazione esterna<\/strong><\/p>\n<p>&nbsp;<\/p>\n<ul>\n<li>Nel corso del 2026, Signify render\u00e0 disponibili 27 linee di apparecchi d\u2019illuminazione, prodotti in Europa sotto il marchio Signify<\/li>\n<li>Signify sta inoltre aggiornando i touchpoint digitali e il materiale informativo sui prodotti, in modo che clienti e partner possano trovare pi\u00f9 rapidamente le informazioni giuste, godendo di un&#8217;esperienza pi\u00f9 coerente<\/li>\n<li>Il marchio Signify assume un ruolo sempre pi\u00f9 centrale all\u2019interno del portafoglio professionale dell\u2019azienda, come parte della strategia di lungo termine, affiancandosi a Philips, Signify Interact e Signify Dynalite come marchio di prodotto principale<\/li>\n<\/ul>\n<p><a href=\"https:\/\/www.signify.com\/it-it\" target=\"_blank\" rel=\"noopener\">Signify\u00a0<\/a>(Euronext: LIGHT), leader mondiale nell\u2019illuminazione, prosegue il proprio percorso di consolidamento del marchio Signify come brand di prodotto all\u2019interno del portafoglio di illuminazione professionale.<\/p>\n<p>&nbsp;<\/p>\n<p>Dopo aver avviato nel 2025 l\u2019introduzione in Europa di apparecchi per l\u2019illuminazione urbana a marchio Signify, nel 2026 l\u2019azienda amplia ulteriormente l\u2019offerta estendendo il marchio a una quota pi\u00f9 ampia del portafoglio europeo di soluzioni per esterni, insieme ad altri brand consolidati come Philips, Signify Interact e Signify Dynalite. Questo percorso rappresenta un\u2019evoluzione del posizionamento del marchio e non incide sulla strategia di approvvigionamento locale. Parallelamente, l\u2019azienda sta aggiornando contenuti, strumenti, materiali e principali touchpoint digitali per consentire ai clienti di individuare pi\u00f9 rapidamente prodotti e informazioni, offrendo al contempo un\u2019esperienza pi\u00f9 coerente e fluida.<\/p>\n<p>&nbsp;<\/p>\n<p>Sophie Breton, President Business Unit Professional Europe di Signify, ha sottolineato l\u2019importanza del ruolo crescente del marchio Signify all\u2019interno del portafoglio aziendale di soluzioni di illuminazione ad alte prestazioni, efficienti dal punto di vista energetico e orientate alla circolarit\u00e0: \u201cVogliamo rendere l\u2019esperienza di collaborazione con Signify pi\u00f9 semplice e intuitiva per i nostri clienti. Estendendo il marchio di prodotto Signify a una parte sempre pi\u00f9 ampia del nostro portafoglio prodotti, offriamo un\u2019esperienza pi\u00f9 chiara e coerente, garantendo al contempo continuit\u00e0\u201d.<\/p>\n<p>&nbsp;<\/p>\n<p><strong>Cosa cambia nel 2026<\/strong><\/p>\n<p>&nbsp;<\/p>\n<p>In Europa, 22 linee di prodotti passano al marchio Signify a partire da maggio 2026, seguite da ulteriori introduzioni nei mesi di giugno, settembre e ottobre. Tra le principali novit\u00e0 del lancio di maggio figurano\u00a0<a href=\"https:\/\/www.signify.com\/global\/prof\/outdoor-luminaires\/road-and-street\/philips-iridium-gen4\/LP_CF_BGP501_EU\/family\" target=\"_blank\" rel=\"noopener\">Iridium gen4 Mini<\/a>\u00a0per l\u2019illuminazione stradale,\u00a0<a href=\"https:\/\/www.signify.com\/global\/prof\/outdoor-luminaires\/urban\/philips-citysoul-gen2-led-mini\/LP_CF_BGP530_EU\/family\" target=\"_blank\" rel=\"noopener\">CitySoul gen2 LED Mini<\/a>\u00a0per contesti urbani e\u00a0<a href=\"https:\/\/www.signify.com\/global\/prof\/outdoor-luminaires\/sports-and-area-floodlighting\/area-and-recreational-floodlighting\/philips-optivision-led-gen35\/LP_CF_BVP518_EU\/family\" target=\"_blank\" rel=\"noopener\">OptiVision LED gen3.5<\/a>\u00a0per impianti sportivi ricreativi.<\/p>\n<p>&nbsp;<\/p>\n<p>Per garantire stabilit\u00e0 e continuit\u00e0 ai clienti, i prodotti continueranno a offrire la qualit\u00e0 attesa da Signify. La transizione incider\u00e0 esclusivamente sulle modalit\u00e0 di presentazione di alcuni prodotti sotto il marchio Signify, mentre procedure di ordine, prestazioni, documentazione tecnica e condizioni commerciali resteranno invariate. Il sito aziendale continuer\u00e0 a rappresentare il punto di accesso principale per clienti e partner al portafoglio completo di illuminazione professionale di Signify, comprendente marchi, prodotti, sistemi e servizi.<\/p>\n<p>&nbsp;<\/p>\n<p>Per maggiori informazioni, visitare il sito\u00a0<a href=\"https:\/\/www.signify.com\/it-it\" target=\"_blank\" rel=\"noopener\">www.signify.com\/it-it<\/a><\/p>\n<p><img decoding=\"async\" src=\"https:\/\/www.mercatototale.com\/uploads\/news\/18283_dwl_img2.jpg\" \/><\/td>\n<\/tr>\n<\/tbody>\n<\/table>\n<p><b>Per saperne di pi\u00f9 su\u00a0<a href=\"https:\/\/www.lighting.philips.it\/\" target=\"_blank\" rel=\"noopener\">SIGNIFY<\/a><\/b><\/p>\n<\/div><\/div><\/div><\/div><\/div>\n","protected":false},"excerpt":{"rendered":"","protected":false},"author":2,"featured_media":99381,"comment_status":"open","ping_status":"open","sticky":false,"template":"","format":"standard","meta":{"_jetpack_newsletter_access":"","_jetpack_dont_email_post_to_subs":false,"_jetpack_newsletter_tier_id":0,"_jetpack_memberships_contains_paywalled_content":false,"_jetpack_memberships_contains_paid_content":false,"footnotes":""},"categories":[2],"tags":[],"class_list":["post-362789","post","type-post","status-publish","format-standard","has-post-thumbnail","hentry","category-news"],"yoast_head":"<!-- This site is optimized with the Yoast SEO plugin v28.3 - https:\/\/yoast.com\/product\/yoast-seo-wordpress\/ -->\n<title>SIGNIFY amplia il proprio portafoglio professionale per l&#039;illuminazione esterna - La Guida Elettrica<\/title>\n<meta name=\"robots\" content=\"index, follow, max-snippet:-1, max-image-preview:large, max-video-preview:-1\" \/>\n<link rel=\"canonical\" href=\"https:\/\/laguidaelettrica.it\/index.php\/2026\/05\/18\/signify-amplia-il-proprio-portafoglio-professionale-per-lilluminazione-esterna\/\" \/>\n<meta property=\"og:locale\" content=\"it_IT\" \/>\n<meta property=\"og:type\" content=\"article\" \/>\n<meta property=\"og:title\" content=\"SIGNIFY amplia il proprio portafoglio professionale per l&#039;illuminazione esterna - La Guida Elettrica\" \/>\n<meta property=\"og:url\" content=\"https:\/\/laguidaelettrica.it\/index.php\/2026\/05\/18\/signify-amplia-il-proprio-portafoglio-professionale-per-lilluminazione-esterna\/\" \/>\n<meta property=\"og:site_name\" content=\"La Guida Elettrica\" \/>\n<meta property=\"article:publisher\" content=\"https:\/\/www.facebook.com\/GliElettriciMC\" \/>\n<meta property=\"article:published_time\" content=\"2026-05-18T09:21:16+00:00\" \/>\n<meta property=\"og:image\" content=\"https:\/\/laguidaelettrica.it\/wp-content\/uploads\/2024\/09\/SIGNIFY.jpg\" \/>\n\t<meta property=\"og:image:width\" content=\"350\" \/>\n\t<meta property=\"og:image:height\" content=\"350\" \/>\n\t<meta property=\"og:image:type\" content=\"image\/jpeg\" \/>\n<meta name=\"author\" content=\"Giulio Annibali\" \/>\n<meta name=\"twitter:card\" content=\"summary_large_image\" \/>\n<meta name=\"twitter:label1\" content=\"Scritto da\" \/>\n\t<meta name=\"twitter:data1\" content=\"Giulio Annibali\" \/>\n\t<meta name=\"twitter:label2\" content=\"Tempo di lettura stimato\" \/>\n\t<meta name=\"twitter:data2\" content=\"3 minuti\" \/>\n<script type=\"application\/ld+json\" class=\"yoast-schema-graph\">{\"@context\":\"https:\\\/\\\/schema.org\",\"@graph\":[{\"@type\":\"Article\",\"@id\":\"https:\\\/\\\/laguidaelettrica.it\\\/index.php\\\/2026\\\/05\\\/18\\\/signify-amplia-il-proprio-portafoglio-professionale-per-lilluminazione-esterna\\\/#article\",\"isPartOf\":{\"@id\":\"https:\\\/\\\/laguidaelettrica.it\\\/index.php\\\/2026\\\/05\\\/18\\\/signify-amplia-il-proprio-portafoglio-professionale-per-lilluminazione-esterna\\\/\"},\"author\":{\"name\":\"Giulio Annibali\",\"@id\":\"https:\\\/\\\/laguidaelettrica.it\\\/#\\\/schema\\\/person\\\/f07670b01360f99670b969912755a487\"},\"headline\":\"SIGNIFY amplia il proprio portafoglio professionale per l&#8217;illuminazione esterna\",\"datePublished\":\"2026-05-18T09:21:16+00:00\",\"mainEntityOfPage\":{\"@id\":\"https:\\\/\\\/laguidaelettrica.it\\\/index.php\\\/2026\\\/05\\\/18\\\/signify-amplia-il-proprio-portafoglio-professionale-per-lilluminazione-esterna\\\/\"},\"wordCount\":1570,\"commentCount\":1,\"publisher\":{\"@id\":\"https:\\\/\\\/laguidaelettrica.it\\\/#organization\"},\"image\":{\"@id\":\"https:\\\/\\\/laguidaelettrica.it\\\/index.php\\\/2026\\\/05\\\/18\\\/signify-amplia-il-proprio-portafoglio-professionale-per-lilluminazione-esterna\\\/#primaryimage\"},\"thumbnailUrl\":\"https:\\\/\\\/laguidaelettrica.it\\\/wp-content\\\/uploads\\\/2024\\\/09\\\/SIGNIFY.jpg\",\"articleSection\":[\"News\"],\"inLanguage\":\"it-IT\",\"potentialAction\":[{\"@type\":\"CommentAction\",\"name\":\"Comment\",\"target\":[\"https:\\\/\\\/laguidaelettrica.it\\\/index.php\\\/2026\\\/05\\\/18\\\/signify-amplia-il-proprio-portafoglio-professionale-per-lilluminazione-esterna\\\/#respond\"]}]},{\"@type\":\"WebPage\",\"@id\":\"https:\\\/\\\/laguidaelettrica.it\\\/index.php\\\/2026\\\/05\\\/18\\\/signify-amplia-il-proprio-portafoglio-professionale-per-lilluminazione-esterna\\\/\",\"url\":\"https:\\\/\\\/laguidaelettrica.it\\\/index.php\\\/2026\\\/05\\\/18\\\/signify-amplia-il-proprio-portafoglio-professionale-per-lilluminazione-esterna\\\/\",\"name\":\"SIGNIFY amplia il proprio portafoglio professionale per l'illuminazione esterna - La Guida Elettrica\",\"isPartOf\":{\"@id\":\"https:\\\/\\\/laguidaelettrica.it\\\/#website\"},\"primaryImageOfPage\":{\"@id\":\"https:\\\/\\\/laguidaelettrica.it\\\/index.php\\\/2026\\\/05\\\/18\\\/signify-amplia-il-proprio-portafoglio-professionale-per-lilluminazione-esterna\\\/#primaryimage\"},\"image\":{\"@id\":\"https:\\\/\\\/laguidaelettrica.it\\\/index.php\\\/2026\\\/05\\\/18\\\/signify-amplia-il-proprio-portafoglio-professionale-per-lilluminazione-esterna\\\/#primaryimage\"},\"thumbnailUrl\":\"https:\\\/\\\/laguidaelettrica.it\\\/wp-content\\\/uploads\\\/2024\\\/09\\\/SIGNIFY.jpg\",\"datePublished\":\"2026-05-18T09:21:16+00:00\",\"breadcrumb\":{\"@id\":\"https:\\\/\\\/laguidaelettrica.it\\\/index.php\\\/2026\\\/05\\\/18\\\/signify-amplia-il-proprio-portafoglio-professionale-per-lilluminazione-esterna\\\/#breadcrumb\"},\"inLanguage\":\"it-IT\",\"potentialAction\":[{\"@type\":\"ReadAction\",\"target\":[\"https:\\\/\\\/laguidaelettrica.it\\\/index.php\\\/2026\\\/05\\\/18\\\/signify-amplia-il-proprio-portafoglio-professionale-per-lilluminazione-esterna\\\/\"]}]},{\"@type\":\"ImageObject\",\"inLanguage\":\"it-IT\",\"@id\":\"https:\\\/\\\/laguidaelettrica.it\\\/index.php\\\/2026\\\/05\\\/18\\\/signify-amplia-il-proprio-portafoglio-professionale-per-lilluminazione-esterna\\\/#primaryimage\",\"url\":\"https:\\\/\\\/laguidaelettrica.it\\\/wp-content\\\/uploads\\\/2024\\\/09\\\/SIGNIFY.jpg\",\"contentUrl\":\"https:\\\/\\\/laguidaelettrica.it\\\/wp-content\\\/uploads\\\/2024\\\/09\\\/SIGNIFY.jpg\",\"width\":350,\"height\":350},{\"@type\":\"BreadcrumbList\",\"@id\":\"https:\\\/\\\/laguidaelettrica.it\\\/index.php\\\/2026\\\/05\\\/18\\\/signify-amplia-il-proprio-portafoglio-professionale-per-lilluminazione-esterna\\\/#breadcrumb\",\"itemListElement\":[{\"@type\":\"ListItem\",\"position\":1,\"name\":\"Home\",\"item\":\"https:\\\/\\\/laguidaelettrica.it\\\/\"},{\"@type\":\"ListItem\",\"position\":2,\"name\":\"SIGNIFY amplia il proprio portafoglio professionale per l&#8217;illuminazione esterna\"}]},{\"@type\":\"WebSite\",\"@id\":\"https:\\\/\\\/laguidaelettrica.it\\\/#website\",\"url\":\"https:\\\/\\\/laguidaelettrica.it\\\/\",\"name\":\"La Guida Elettrica\",\"description\":\"I migliori prodotti per gli elettricisti\",\"publisher\":{\"@id\":\"https:\\\/\\\/laguidaelettrica.it\\\/#organization\"},\"potentialAction\":[{\"@type\":\"SearchAction\",\"target\":{\"@type\":\"EntryPoint\",\"urlTemplate\":\"https:\\\/\\\/laguidaelettrica.it\\\/?s={search_term_string}\"},\"query-input\":{\"@type\":\"PropertyValueSpecification\",\"valueRequired\":true,\"valueName\":\"search_term_string\"}}],\"inLanguage\":\"it-IT\"},{\"@type\":\"Organization\",\"@id\":\"https:\\\/\\\/laguidaelettrica.it\\\/#organization\",\"name\":\"Gli Elettrici\",\"url\":\"https:\\\/\\\/laguidaelettrica.it\\\/\",\"logo\":{\"@type\":\"ImageObject\",\"inLanguage\":\"it-IT\",\"@id\":\"https:\\\/\\\/laguidaelettrica.it\\\/#\\\/schema\\\/logo\\\/image\\\/\",\"url\":\"https:\\\/\\\/laguidaelettrica.it\\\/wp-content\\\/uploads\\\/2022\\\/07\\\/Gli-elettrici-energia-alternativa.jpg\",\"contentUrl\":\"https:\\\/\\\/laguidaelettrica.it\\\/wp-content\\\/uploads\\\/2022\\\/07\\\/Gli-elettrici-energia-alternativa.jpg\",\"width\":399,\"height\":109,\"caption\":\"Gli Elettrici\"},\"image\":{\"@id\":\"https:\\\/\\\/laguidaelettrica.it\\\/#\\\/schema\\\/logo\\\/image\\\/\"},\"sameAs\":[\"https:\\\/\\\/www.facebook.com\\\/GliElettriciMC\",\"https:\\\/\\\/www.instagram.com\\\/GliElettrici\\\/\",\"https:\\\/\\\/www.youtube.com\\\/channel\\\/UC0Sdag04NMAUB1HBlhatDLg\"]},{\"@type\":\"Person\",\"@id\":\"https:\\\/\\\/laguidaelettrica.it\\\/#\\\/schema\\\/person\\\/f07670b01360f99670b969912755a487\",\"name\":\"Giulio Annibali\",\"url\":\"https:\\\/\\\/laguidaelettrica.it\\\/index.php\\\/author\\\/giulio\\\/\"}]}<\/script>\n<!-- \/ Yoast SEO plugin. -->","yoast_head_json":{"title":"SIGNIFY amplia il proprio portafoglio professionale per l'illuminazione esterna - La Guida Elettrica","robots":{"index":"index","follow":"follow","max-snippet":"max-snippet:-1","max-image-preview":"max-image-preview:large","max-video-preview":"max-video-preview:-1"},"canonical":"https:\/\/laguidaelettrica.it\/index.php\/2026\/05\/18\/signify-amplia-il-proprio-portafoglio-professionale-per-lilluminazione-esterna\/","og_locale":"it_IT","og_type":"article","og_title":"SIGNIFY amplia il proprio portafoglio professionale per l'illuminazione esterna - La Guida Elettrica","og_url":"https:\/\/laguidaelettrica.it\/index.php\/2026\/05\/18\/signify-amplia-il-proprio-portafoglio-professionale-per-lilluminazione-esterna\/","og_site_name":"La Guida Elettrica","article_publisher":"https:\/\/www.facebook.com\/GliElettriciMC","article_published_time":"2026-05-18T09:21:16+00:00","og_image":[{"width":350,"height":350,"url":"https:\/\/laguidaelettrica.it\/wp-content\/uploads\/2024\/09\/SIGNIFY.jpg","type":"image\/jpeg"}],"author":"Giulio Annibali","twitter_card":"summary_large_image","twitter_misc":{"Scritto da":"Giulio Annibali","Tempo di lettura stimato":"3 minuti"},"schema":{"@context":"https:\/\/schema.org","@graph":[{"@type":"Article","@id":"https:\/\/laguidaelettrica.it\/index.php\/2026\/05\/18\/signify-amplia-il-proprio-portafoglio-professionale-per-lilluminazione-esterna\/#article","isPartOf":{"@id":"https:\/\/laguidaelettrica.it\/index.php\/2026\/05\/18\/signify-amplia-il-proprio-portafoglio-professionale-per-lilluminazione-esterna\/"},"author":{"name":"Giulio Annibali","@id":"https:\/\/laguidaelettrica.it\/#\/schema\/person\/f07670b01360f99670b969912755a487"},"headline":"SIGNIFY amplia il proprio portafoglio professionale per l&#8217;illuminazione esterna","datePublished":"2026-05-18T09:21:16+00:00","mainEntityOfPage":{"@id":"https:\/\/laguidaelettrica.it\/index.php\/2026\/05\/18\/signify-amplia-il-proprio-portafoglio-professionale-per-lilluminazione-esterna\/"},"wordCount":1570,"commentCount":1,"publisher":{"@id":"https:\/\/laguidaelettrica.it\/#organization"},"image":{"@id":"https:\/\/laguidaelettrica.it\/index.php\/2026\/05\/18\/signify-amplia-il-proprio-portafoglio-professionale-per-lilluminazione-esterna\/#primaryimage"},"thumbnailUrl":"https:\/\/laguidaelettrica.it\/wp-content\/uploads\/2024\/09\/SIGNIFY.jpg","articleSection":["News"],"inLanguage":"it-IT","potentialAction":[{"@type":"CommentAction","name":"Comment","target":["https:\/\/laguidaelettrica.it\/index.php\/2026\/05\/18\/signify-amplia-il-proprio-portafoglio-professionale-per-lilluminazione-esterna\/#respond"]}]},{"@type":"WebPage","@id":"https:\/\/laguidaelettrica.it\/index.php\/2026\/05\/18\/signify-amplia-il-proprio-portafoglio-professionale-per-lilluminazione-esterna\/","url":"https:\/\/laguidaelettrica.it\/index.php\/2026\/05\/18\/signify-amplia-il-proprio-portafoglio-professionale-per-lilluminazione-esterna\/","name":"SIGNIFY amplia il proprio portafoglio professionale per l'illuminazione esterna - La Guida Elettrica","isPartOf":{"@id":"https:\/\/laguidaelettrica.it\/#website"},"primaryImageOfPage":{"@id":"https:\/\/laguidaelettrica.it\/index.php\/2026\/05\/18\/signify-amplia-il-proprio-portafoglio-professionale-per-lilluminazione-esterna\/#primaryimage"},"image":{"@id":"https:\/\/laguidaelettrica.it\/index.php\/2026\/05\/18\/signify-amplia-il-proprio-portafoglio-professionale-per-lilluminazione-esterna\/#primaryimage"},"thumbnailUrl":"https:\/\/laguidaelettrica.it\/wp-content\/uploads\/2024\/09\/SIGNIFY.jpg","datePublished":"2026-05-18T09:21:16+00:00","breadcrumb":{"@id":"https:\/\/laguidaelettrica.it\/index.php\/2026\/05\/18\/signify-amplia-il-proprio-portafoglio-professionale-per-lilluminazione-esterna\/#breadcrumb"},"inLanguage":"it-IT","potentialAction":[{"@type":"ReadAction","target":["https:\/\/laguidaelettrica.it\/index.php\/2026\/05\/18\/signify-amplia-il-proprio-portafoglio-professionale-per-lilluminazione-esterna\/"]}]},{"@type":"ImageObject","inLanguage":"it-IT","@id":"https:\/\/laguidaelettrica.it\/index.php\/2026\/05\/18\/signify-amplia-il-proprio-portafoglio-professionale-per-lilluminazione-esterna\/#primaryimage","url":"https:\/\/laguidaelettrica.it\/wp-content\/uploads\/2024\/09\/SIGNIFY.jpg","contentUrl":"https:\/\/laguidaelettrica.it\/wp-content\/uploads\/2024\/09\/SIGNIFY.jpg","width":350,"height":350},{"@type":"BreadcrumbList","@id":"https:\/\/laguidaelettrica.it\/index.php\/2026\/05\/18\/signify-amplia-il-proprio-portafoglio-professionale-per-lilluminazione-esterna\/#breadcrumb","itemListElement":[{"@type":"ListItem","position":1,"name":"Home","item":"https:\/\/laguidaelettrica.it\/"},{"@type":"ListItem","position":2,"name":"SIGNIFY amplia il proprio portafoglio professionale per l&#8217;illuminazione esterna"}]},{"@type":"WebSite","@id":"https:\/\/laguidaelettrica.it\/#website","url":"https:\/\/laguidaelettrica.it\/","name":"La Guida Elettrica","description":"I migliori prodotti per gli elettricisti","publisher":{"@id":"https:\/\/laguidaelettrica.it\/#organization"},"potentialAction":[{"@type":"SearchAction","target":{"@type":"EntryPoint","urlTemplate":"https:\/\/laguidaelettrica.it\/?s={search_term_string}"},"query-input":{"@type":"PropertyValueSpecification","valueRequired":true,"valueName":"search_term_string"}}],"inLanguage":"it-IT"},{"@type":"Organization","@id":"https:\/\/laguidaelettrica.it\/#organization","name":"Gli Elettrici","url":"https:\/\/laguidaelettrica.it\/","logo":{"@type":"ImageObject","inLanguage":"it-IT","@id":"https:\/\/laguidaelettrica.it\/#\/schema\/logo\/image\/","url":"https:\/\/laguidaelettrica.it\/wp-content\/uploads\/2022\/07\/Gli-elettrici-energia-alternativa.jpg","contentUrl":"https:\/\/laguidaelettrica.it\/wp-content\/uploads\/2022\/07\/Gli-elettrici-energia-alternativa.jpg","width":399,"height":109,"caption":"Gli Elettrici"},"image":{"@id":"https:\/\/laguidaelettrica.it\/#\/schema\/logo\/image\/"},"sameAs":["https:\/\/www.facebook.com\/GliElettriciMC","https:\/\/www.instagram.com\/GliElettrici\/","https:\/\/www.youtube.com\/channel\/UC0Sdag04NMAUB1HBlhatDLg"]},{"@type":"Person","@id":"https:\/\/laguidaelettrica.it\/#\/schema\/person\/f07670b01360f99670b969912755a487","name":"Giulio Annibali","url":"https:\/\/laguidaelettrica.it\/index.php\/author\/giulio\/"}]}},"jetpack_sharing_enabled":true,"jetpack_featured_media_url":"https:\/\/laguidaelettrica.it\/wp-content\/uploads\/2024\/09\/SIGNIFY.jpg","_links":{"self":[{"href":"https:\/\/laguidaelettrica.it\/index.php\/wp-json\/wp\/v2\/posts\/362789","targetHints":{"allow":["GET"]}}],"collection":[{"href":"https:\/\/laguidaelettrica.it\/index.php\/wp-json\/wp\/v2\/posts"}],"about":[{"href":"https:\/\/laguidaelettrica.it\/index.php\/wp-json\/wp\/v2\/types\/post"}],"author":[{"embeddable":true,"href":"https:\/\/laguidaelettrica.it\/index.php\/wp-json\/wp\/v2\/users\/2"}],"replies":[{"embeddable":true,"href":"https:\/\/laguidaelettrica.it\/index.php\/wp-json\/wp\/v2\/comments?post=362789"}],"version-history":[{"count":1,"href":"https:\/\/laguidaelettrica.it\/index.php\/wp-json\/wp\/v2\/posts\/362789\/revisions"}],"predecessor-version":[{"id":362793,"href":"https:\/\/laguidaelettrica.it\/index.php\/wp-json\/wp\/v2\/posts\/362789\/revisions\/362793"}],"wp:featuredmedia":[{"embeddable":true,"href":"https:\/\/laguidaelettrica.it\/index.php\/wp-json\/wp\/v2\/media\/99381"}],"wp:attachment":[{"href":"https:\/\/laguidaelettrica.it\/index.php\/wp-json\/wp\/v2\/media?parent=362789"}],"wp:term":[{"taxonomy":"category","embeddable":true,"href":"https:\/\/laguidaelettrica.it\/index.php\/wp-json\/wp\/v2\/categories?post=362789"},{"taxonomy":"post_tag","embeddable":true,"href":"https:\/\/laguidaelettrica.it\/index.php\/wp-json\/wp\/v2\/tags?post=362789"}],"curies":[{"name":"wp","href":"https:\/\/api.w.org\/{rel}","templated":true}]}}