{"id":377501,"date":"2026-06-09T15:05:17","date_gmt":"2026-06-09T13:05:17","guid":{"rendered":"https:\/\/laguidaelettrica.it\/?p=377501"},"modified":"2026-06-09T15:11:01","modified_gmt":"2026-06-09T13:11:01","slug":"mithos-h-di-vemer-temperatura-percepita-e-umidita-per-un-comfort-piu-preciso","status":"publish","type":"post","link":"https:\/\/laguidaelettrica.it\/index.php\/2026\/06\/09\/mithos-h-di-vemer-temperatura-percepita-e-umidita-per-un-comfort-piu-preciso\/","title":{"rendered":"Mithos H di VEMER: temperatura percepita e umidit\u00e0 per un comfort pi\u00f9 preciso"},"content":{"rendered":"<div class=\"fusion-fullwidth fullwidth-box fusion-builder-row-1 fusion-flex-container has-pattern-background has-mask-background nonhundred-percent-fullwidth non-hundred-percent-height-scrolling\" style=\"--awb-border-radius-top-left:0px;--awb-border-radius-top-right:0px;--awb-border-radius-bottom-right:0px;--awb-border-radius-bottom-left:0px;--awb-flex-wrap:wrap;\" ><div class=\"fusion-builder-row fusion-row fusion-flex-align-items-flex-start fusion-flex-content-wrap\" style=\"max-width:1123.2px;margin-left: calc(-4% \/ 2 );margin-right: calc(-4% \/ 2 );\"><div class=\"fusion-layout-column fusion_builder_column fusion-builder-column-0 fusion_builder_column_1_1 1_1 fusion-flex-column\" style=\"--awb-bg-size:cover;--awb-width-large:100%;--awb-margin-top-large:0px;--awb-spacing-right-large:1.92%;--awb-margin-bottom-large:20px;--awb-spacing-left-large:1.92%;--awb-width-medium:100%;--awb-order-medium:0;--awb-spacing-right-medium:1.92%;--awb-spacing-left-medium:1.92%;--awb-width-small:100%;--awb-order-small:0;--awb-spacing-right-small:1.92%;--awb-spacing-left-small:1.92%;\"><div class=\"fusion-column-wrapper fusion-column-has-shadow fusion-flex-justify-content-flex-start fusion-content-layout-column\"><div class=\"fusion-text fusion-text-1\"><p><img decoding=\"async\" src=\"https:\/\/www.mercatototale.com\/uploads\/news\/18399_dwl_img1.png\" \/><\/p>\n<table width=\"100%\" cellspacing=\"0\" cellpadding=\"0\">\n<tbody>\n<tr valign=\"top\">\n<td class=\"testo\"><strong>Il cronotermostato con umidostato integrato consente di regolare temperatura, umidit\u00e0 e temperatura percepita<\/strong><\/p>\n<p>&nbsp;<\/p>\n<p>Vemer ha ampliato il concetto di regolazione del clima domestico con Mithos H, il cronotermostato da parete con umidostato integrato pensato per gestire il comfort in modo pi\u00f9 completo.<\/p>\n<p>&nbsp;<\/p>\n<p>Il dispositivo consente infatti di controllare non solo la temperatura ambiente, ma anche l\u2019umidit\u00e0, un parametro che incide in modo significativo sulla sensazione di caldo e freddo percepita all\u2019interno degli ambienti.<\/p>\n<p>&nbsp;<\/p>\n<p>La temperatura indicata dal termostato, da sola, non sempre descrive il reale livello di comfort. A parit\u00e0 di gradi, un ambiente pi\u00f9 umido pu\u00f2 risultare pi\u00f9 caldo, mentre un\u2019aria troppo secca pu\u00f2 rendere la stanza meno confortevole. Per questo Mithos H, grazie a due rel\u00e8 indipendenti, consente di regolare separatamente temperatura e umidit\u00e0. Il dispositivo permette inoltre di impostare una temperatura percepita desiderata, cos\u00ec da ottenere una regolazione pi\u00f9 vicina alla sensazione effettiva di benessere.<\/p>\n<p>&nbsp;<\/p>\n<p>Mithos H \u00e8 dotato di programmazione settimanale, utile per adattare il funzionamento dell\u2019impianto ai diversi momenti della giornata e della settimana. \u00c8 possibile impostare orari specifici per riscaldamento o raffrescamento, favorendo una gestione pi\u00f9 efficiente dell\u2019energia e riducendo gli sprechi.<\/p>\n<p>&nbsp;<\/p>\n<p>Disponibile nelle versioni bianca e nera, Mithos H presenta un design minimal ed elegante, con tastiera nascosta sotto lo sportellino frontale. La funzione di blocco tastiera con password consente di evitare modifiche non autorizzate delle impostazioni, caratteristica utile anche in ambienti pubblici o accessibili a pi\u00f9 persone.<\/p>\n<p>&nbsp;<\/p>\n<p>Per le installazioni che richiedono una soluzione senza collegamenti cablati, Vemer propone anche Mithos H RF Bianco e Mithos H RF Nero, le versioni a radiofrequenza.<\/p>\n<p>&nbsp;<\/p>\n<p>Con Mithos H, Vemer mette a disposizione uno strumento per una gestione pi\u00f9 evoluta del comfort, integrando in un unico dispositivo temperatura, umidit\u00e0 e temperatura percepita.<\/td>\n<\/tr>\n<\/tbody>\n<\/table>\n<p><b>Per saperne di pi\u00f9 su\u00a0<a href=\"http:\/\/www.vemer.it\/\" target=\"_blank\" rel=\"noopener\">VEMER<\/a><\/b><\/p>\n<\/div><\/div><\/div><\/div><\/div>\n","protected":false},"excerpt":{"rendered":"","protected":false},"author":2,"featured_media":96945,"comment_status":"open","ping_status":"open","sticky":false,"template":"","format":"standard","meta":{"_jetpack_newsletter_access":"","_jetpack_dont_email_post_to_subs":false,"_jetpack_newsletter_tier_id":0,"_jetpack_memberships_contains_paywalled_content":false,"_jetpack_memberships_contains_paid_content":false,"footnotes":""},"categories":[2],"tags":[],"class_list":["post-377501","post","type-post","status-publish","format-standard","has-post-thumbnail","hentry","category-news"],"yoast_head":"<!-- This site is optimized with the Yoast SEO plugin v28.3 - https:\/\/yoast.com\/product\/yoast-seo-wordpress\/ -->\n<title>Mithos H di VEMER: temperatura percepita e umidit\u00e0 per un comfort pi\u00f9 preciso - La Guida Elettrica<\/title>\n<meta name=\"robots\" content=\"index, follow, max-snippet:-1, max-image-preview:large, max-video-preview:-1\" \/>\n<link rel=\"canonical\" href=\"https:\/\/laguidaelettrica.it\/index.php\/2026\/06\/09\/mithos-h-di-vemer-temperatura-percepita-e-umidita-per-un-comfort-piu-preciso\/\" \/>\n<meta property=\"og:locale\" content=\"it_IT\" \/>\n<meta property=\"og:type\" content=\"article\" \/>\n<meta property=\"og:title\" content=\"Mithos H di VEMER: temperatura percepita e umidit\u00e0 per un comfort pi\u00f9 preciso - La Guida Elettrica\" \/>\n<meta property=\"og:url\" content=\"https:\/\/laguidaelettrica.it\/index.php\/2026\/06\/09\/mithos-h-di-vemer-temperatura-percepita-e-umidita-per-un-comfort-piu-preciso\/\" \/>\n<meta property=\"og:site_name\" content=\"La Guida Elettrica\" \/>\n<meta property=\"article:publisher\" content=\"https:\/\/www.facebook.com\/GliElettriciMC\" \/>\n<meta property=\"article:published_time\" content=\"2026-06-09T13:05:17+00:00\" \/>\n<meta property=\"article:modified_time\" content=\"2026-06-09T13:11:01+00:00\" \/>\n<meta property=\"og:image\" content=\"https:\/\/laguidaelettrica.it\/wp-content\/uploads\/2024\/09\/VEMER-copia-e1729679713617.jpg\" \/>\n\t<meta property=\"og:image:width\" content=\"150\" \/>\n\t<meta property=\"og:image:height\" content=\"150\" \/>\n\t<meta property=\"og:image:type\" content=\"image\/jpeg\" \/>\n<meta name=\"author\" content=\"Giulio Annibali\" \/>\n<meta name=\"twitter:card\" content=\"summary_large_image\" \/>\n<meta name=\"twitter:label1\" content=\"Scritto da\" \/>\n\t<meta name=\"twitter:data1\" content=\"Giulio Annibali\" \/>\n\t<meta name=\"twitter:label2\" content=\"Tempo di lettura stimato\" \/>\n\t<meta name=\"twitter:data2\" content=\"2 minuti\" \/>\n<script type=\"application\/ld+json\" class=\"yoast-schema-graph\">{\"@context\":\"https:\\\/\\\/schema.org\",\"@graph\":[{\"@type\":\"Article\",\"@id\":\"https:\\\/\\\/laguidaelettrica.it\\\/index.php\\\/2026\\\/06\\\/09\\\/mithos-h-di-vemer-temperatura-percepita-e-umidita-per-un-comfort-piu-preciso\\\/#article\",\"isPartOf\":{\"@id\":\"https:\\\/\\\/laguidaelettrica.it\\\/index.php\\\/2026\\\/06\\\/09\\\/mithos-h-di-vemer-temperatura-percepita-e-umidita-per-un-comfort-piu-preciso\\\/\"},\"author\":{\"name\":\"Giulio Annibali\",\"@id\":\"https:\\\/\\\/laguidaelettrica.it\\\/#\\\/schema\\\/person\\\/f07670b01360f99670b969912755a487\"},\"headline\":\"Mithos H di VEMER: temperatura percepita e umidit\u00e0 per un comfort pi\u00f9 preciso\",\"datePublished\":\"2026-06-09T13:05:17+00:00\",\"dateModified\":\"2026-06-09T13:11:01+00:00\",\"mainEntityOfPage\":{\"@id\":\"https:\\\/\\\/laguidaelettrica.it\\\/index.php\\\/2026\\\/06\\\/09\\\/mithos-h-di-vemer-temperatura-percepita-e-umidita-per-un-comfort-piu-preciso\\\/\"},\"wordCount\":1415,\"commentCount\":4,\"publisher\":{\"@id\":\"https:\\\/\\\/laguidaelettrica.it\\\/#organization\"},\"image\":{\"@id\":\"https:\\\/\\\/laguidaelettrica.it\\\/index.php\\\/2026\\\/06\\\/09\\\/mithos-h-di-vemer-temperatura-percepita-e-umidita-per-un-comfort-piu-preciso\\\/#primaryimage\"},\"thumbnailUrl\":\"https:\\\/\\\/laguidaelettrica.it\\\/wp-content\\\/uploads\\\/2024\\\/09\\\/VEMER-copia-e1729679713617.jpg\",\"articleSection\":[\"News\"],\"inLanguage\":\"it-IT\",\"potentialAction\":[{\"@type\":\"CommentAction\",\"name\":\"Comment\",\"target\":[\"https:\\\/\\\/laguidaelettrica.it\\\/index.php\\\/2026\\\/06\\\/09\\\/mithos-h-di-vemer-temperatura-percepita-e-umidita-per-un-comfort-piu-preciso\\\/#respond\"]}]},{\"@type\":\"WebPage\",\"@id\":\"https:\\\/\\\/laguidaelettrica.it\\\/index.php\\\/2026\\\/06\\\/09\\\/mithos-h-di-vemer-temperatura-percepita-e-umidita-per-un-comfort-piu-preciso\\\/\",\"url\":\"https:\\\/\\\/laguidaelettrica.it\\\/index.php\\\/2026\\\/06\\\/09\\\/mithos-h-di-vemer-temperatura-percepita-e-umidita-per-un-comfort-piu-preciso\\\/\",\"name\":\"Mithos H di VEMER: temperatura percepita e umidit\u00e0 per un comfort pi\u00f9 preciso - La Guida Elettrica\",\"isPartOf\":{\"@id\":\"https:\\\/\\\/laguidaelettrica.it\\\/#website\"},\"primaryImageOfPage\":{\"@id\":\"https:\\\/\\\/laguidaelettrica.it\\\/index.php\\\/2026\\\/06\\\/09\\\/mithos-h-di-vemer-temperatura-percepita-e-umidita-per-un-comfort-piu-preciso\\\/#primaryimage\"},\"image\":{\"@id\":\"https:\\\/\\\/laguidaelettrica.it\\\/index.php\\\/2026\\\/06\\\/09\\\/mithos-h-di-vemer-temperatura-percepita-e-umidita-per-un-comfort-piu-preciso\\\/#primaryimage\"},\"thumbnailUrl\":\"https:\\\/\\\/laguidaelettrica.it\\\/wp-content\\\/uploads\\\/2024\\\/09\\\/VEMER-copia-e1729679713617.jpg\",\"datePublished\":\"2026-06-09T13:05:17+00:00\",\"dateModified\":\"2026-06-09T13:11:01+00:00\",\"breadcrumb\":{\"@id\":\"https:\\\/\\\/laguidaelettrica.it\\\/index.php\\\/2026\\\/06\\\/09\\\/mithos-h-di-vemer-temperatura-percepita-e-umidita-per-un-comfort-piu-preciso\\\/#breadcrumb\"},\"inLanguage\":\"it-IT\",\"potentialAction\":[{\"@type\":\"ReadAction\",\"target\":[\"https:\\\/\\\/laguidaelettrica.it\\\/index.php\\\/2026\\\/06\\\/09\\\/mithos-h-di-vemer-temperatura-percepita-e-umidita-per-un-comfort-piu-preciso\\\/\"]}]},{\"@type\":\"ImageObject\",\"inLanguage\":\"it-IT\",\"@id\":\"https:\\\/\\\/laguidaelettrica.it\\\/index.php\\\/2026\\\/06\\\/09\\\/mithos-h-di-vemer-temperatura-percepita-e-umidita-per-un-comfort-piu-preciso\\\/#primaryimage\",\"url\":\"https:\\\/\\\/laguidaelettrica.it\\\/wp-content\\\/uploads\\\/2024\\\/09\\\/VEMER-copia-e1729679713617.jpg\",\"contentUrl\":\"https:\\\/\\\/laguidaelettrica.it\\\/wp-content\\\/uploads\\\/2024\\\/09\\\/VEMER-copia-e1729679713617.jpg\",\"width\":150,\"height\":150},{\"@type\":\"BreadcrumbList\",\"@id\":\"https:\\\/\\\/laguidaelettrica.it\\\/index.php\\\/2026\\\/06\\\/09\\\/mithos-h-di-vemer-temperatura-percepita-e-umidita-per-un-comfort-piu-preciso\\\/#breadcrumb\",\"itemListElement\":[{\"@type\":\"ListItem\",\"position\":1,\"name\":\"Home\",\"item\":\"https:\\\/\\\/laguidaelettrica.it\\\/\"},{\"@type\":\"ListItem\",\"position\":2,\"name\":\"Mithos H di VEMER: temperatura percepita e umidit\u00e0 per un comfort pi\u00f9 preciso\"}]},{\"@type\":\"WebSite\",\"@id\":\"https:\\\/\\\/laguidaelettrica.it\\\/#website\",\"url\":\"https:\\\/\\\/laguidaelettrica.it\\\/\",\"name\":\"La Guida Elettrica\",\"description\":\"I migliori prodotti per gli elettricisti\",\"publisher\":{\"@id\":\"https:\\\/\\\/laguidaelettrica.it\\\/#organization\"},\"potentialAction\":[{\"@type\":\"SearchAction\",\"target\":{\"@type\":\"EntryPoint\",\"urlTemplate\":\"https:\\\/\\\/laguidaelettrica.it\\\/?s={search_term_string}\"},\"query-input\":{\"@type\":\"PropertyValueSpecification\",\"valueRequired\":true,\"valueName\":\"search_term_string\"}}],\"inLanguage\":\"it-IT\"},{\"@type\":\"Organization\",\"@id\":\"https:\\\/\\\/laguidaelettrica.it\\\/#organization\",\"name\":\"Gli Elettrici\",\"url\":\"https:\\\/\\\/laguidaelettrica.it\\\/\",\"logo\":{\"@type\":\"ImageObject\",\"inLanguage\":\"it-IT\",\"@id\":\"https:\\\/\\\/laguidaelettrica.it\\\/#\\\/schema\\\/logo\\\/image\\\/\",\"url\":\"https:\\\/\\\/laguidaelettrica.it\\\/wp-content\\\/uploads\\\/2022\\\/07\\\/Gli-elettrici-energia-alternativa.jpg\",\"contentUrl\":\"https:\\\/\\\/laguidaelettrica.it\\\/wp-content\\\/uploads\\\/2022\\\/07\\\/Gli-elettrici-energia-alternativa.jpg\",\"width\":399,\"height\":109,\"caption\":\"Gli Elettrici\"},\"image\":{\"@id\":\"https:\\\/\\\/laguidaelettrica.it\\\/#\\\/schema\\\/logo\\\/image\\\/\"},\"sameAs\":[\"https:\\\/\\\/www.facebook.com\\\/GliElettriciMC\",\"https:\\\/\\\/www.instagram.com\\\/GliElettrici\\\/\",\"https:\\\/\\\/www.youtube.com\\\/channel\\\/UC0Sdag04NMAUB1HBlhatDLg\"]},{\"@type\":\"Person\",\"@id\":\"https:\\\/\\\/laguidaelettrica.it\\\/#\\\/schema\\\/person\\\/f07670b01360f99670b969912755a487\",\"name\":\"Giulio Annibali\",\"url\":\"https:\\\/\\\/laguidaelettrica.it\\\/index.php\\\/author\\\/giulio\\\/\"}]}<\/script>\n<!-- \/ Yoast SEO plugin. -->","yoast_head_json":{"title":"Mithos H di VEMER: temperatura percepita e umidit\u00e0 per un comfort pi\u00f9 preciso - La Guida Elettrica","robots":{"index":"index","follow":"follow","max-snippet":"max-snippet:-1","max-image-preview":"max-image-preview:large","max-video-preview":"max-video-preview:-1"},"canonical":"https:\/\/laguidaelettrica.it\/index.php\/2026\/06\/09\/mithos-h-di-vemer-temperatura-percepita-e-umidita-per-un-comfort-piu-preciso\/","og_locale":"it_IT","og_type":"article","og_title":"Mithos H di VEMER: temperatura percepita e umidit\u00e0 per un comfort pi\u00f9 preciso - La Guida Elettrica","og_url":"https:\/\/laguidaelettrica.it\/index.php\/2026\/06\/09\/mithos-h-di-vemer-temperatura-percepita-e-umidita-per-un-comfort-piu-preciso\/","og_site_name":"La Guida Elettrica","article_publisher":"https:\/\/www.facebook.com\/GliElettriciMC","article_published_time":"2026-06-09T13:05:17+00:00","article_modified_time":"2026-06-09T13:11:01+00:00","og_image":[{"width":150,"height":150,"url":"https:\/\/laguidaelettrica.it\/wp-content\/uploads\/2024\/09\/VEMER-copia-e1729679713617.jpg","type":"image\/jpeg"}],"author":"Giulio Annibali","twitter_card":"summary_large_image","twitter_misc":{"Scritto da":"Giulio Annibali","Tempo di lettura stimato":"2 minuti"},"schema":{"@context":"https:\/\/schema.org","@graph":[{"@type":"Article","@id":"https:\/\/laguidaelettrica.it\/index.php\/2026\/06\/09\/mithos-h-di-vemer-temperatura-percepita-e-umidita-per-un-comfort-piu-preciso\/#article","isPartOf":{"@id":"https:\/\/laguidaelettrica.it\/index.php\/2026\/06\/09\/mithos-h-di-vemer-temperatura-percepita-e-umidita-per-un-comfort-piu-preciso\/"},"author":{"name":"Giulio Annibali","@id":"https:\/\/laguidaelettrica.it\/#\/schema\/person\/f07670b01360f99670b969912755a487"},"headline":"Mithos H di VEMER: temperatura percepita e umidit\u00e0 per un comfort pi\u00f9 preciso","datePublished":"2026-06-09T13:05:17+00:00","dateModified":"2026-06-09T13:11:01+00:00","mainEntityOfPage":{"@id":"https:\/\/laguidaelettrica.it\/index.php\/2026\/06\/09\/mithos-h-di-vemer-temperatura-percepita-e-umidita-per-un-comfort-piu-preciso\/"},"wordCount":1415,"commentCount":4,"publisher":{"@id":"https:\/\/laguidaelettrica.it\/#organization"},"image":{"@id":"https:\/\/laguidaelettrica.it\/index.php\/2026\/06\/09\/mithos-h-di-vemer-temperatura-percepita-e-umidita-per-un-comfort-piu-preciso\/#primaryimage"},"thumbnailUrl":"https:\/\/laguidaelettrica.it\/wp-content\/uploads\/2024\/09\/VEMER-copia-e1729679713617.jpg","articleSection":["News"],"inLanguage":"it-IT","potentialAction":[{"@type":"CommentAction","name":"Comment","target":["https:\/\/laguidaelettrica.it\/index.php\/2026\/06\/09\/mithos-h-di-vemer-temperatura-percepita-e-umidita-per-un-comfort-piu-preciso\/#respond"]}]},{"@type":"WebPage","@id":"https:\/\/laguidaelettrica.it\/index.php\/2026\/06\/09\/mithos-h-di-vemer-temperatura-percepita-e-umidita-per-un-comfort-piu-preciso\/","url":"https:\/\/laguidaelettrica.it\/index.php\/2026\/06\/09\/mithos-h-di-vemer-temperatura-percepita-e-umidita-per-un-comfort-piu-preciso\/","name":"Mithos H di VEMER: temperatura percepita e umidit\u00e0 per un comfort pi\u00f9 preciso - La Guida Elettrica","isPartOf":{"@id":"https:\/\/laguidaelettrica.it\/#website"},"primaryImageOfPage":{"@id":"https:\/\/laguidaelettrica.it\/index.php\/2026\/06\/09\/mithos-h-di-vemer-temperatura-percepita-e-umidita-per-un-comfort-piu-preciso\/#primaryimage"},"image":{"@id":"https:\/\/laguidaelettrica.it\/index.php\/2026\/06\/09\/mithos-h-di-vemer-temperatura-percepita-e-umidita-per-un-comfort-piu-preciso\/#primaryimage"},"thumbnailUrl":"https:\/\/laguidaelettrica.it\/wp-content\/uploads\/2024\/09\/VEMER-copia-e1729679713617.jpg","datePublished":"2026-06-09T13:05:17+00:00","dateModified":"2026-06-09T13:11:01+00:00","breadcrumb":{"@id":"https:\/\/laguidaelettrica.it\/index.php\/2026\/06\/09\/mithos-h-di-vemer-temperatura-percepita-e-umidita-per-un-comfort-piu-preciso\/#breadcrumb"},"inLanguage":"it-IT","potentialAction":[{"@type":"ReadAction","target":["https:\/\/laguidaelettrica.it\/index.php\/2026\/06\/09\/mithos-h-di-vemer-temperatura-percepita-e-umidita-per-un-comfort-piu-preciso\/"]}]},{"@type":"ImageObject","inLanguage":"it-IT","@id":"https:\/\/laguidaelettrica.it\/index.php\/2026\/06\/09\/mithos-h-di-vemer-temperatura-percepita-e-umidita-per-un-comfort-piu-preciso\/#primaryimage","url":"https:\/\/laguidaelettrica.it\/wp-content\/uploads\/2024\/09\/VEMER-copia-e1729679713617.jpg","contentUrl":"https:\/\/laguidaelettrica.it\/wp-content\/uploads\/2024\/09\/VEMER-copia-e1729679713617.jpg","width":150,"height":150},{"@type":"BreadcrumbList","@id":"https:\/\/laguidaelettrica.it\/index.php\/2026\/06\/09\/mithos-h-di-vemer-temperatura-percepita-e-umidita-per-un-comfort-piu-preciso\/#breadcrumb","itemListElement":[{"@type":"ListItem","position":1,"name":"Home","item":"https:\/\/laguidaelettrica.it\/"},{"@type":"ListItem","position":2,"name":"Mithos H di VEMER: temperatura percepita e umidit\u00e0 per un comfort pi\u00f9 preciso"}]},{"@type":"WebSite","@id":"https:\/\/laguidaelettrica.it\/#website","url":"https:\/\/laguidaelettrica.it\/","name":"La Guida Elettrica","description":"I migliori prodotti per gli elettricisti","publisher":{"@id":"https:\/\/laguidaelettrica.it\/#organization"},"potentialAction":[{"@type":"SearchAction","target":{"@type":"EntryPoint","urlTemplate":"https:\/\/laguidaelettrica.it\/?s={search_term_string}"},"query-input":{"@type":"PropertyValueSpecification","valueRequired":true,"valueName":"search_term_string"}}],"inLanguage":"it-IT"},{"@type":"Organization","@id":"https:\/\/laguidaelettrica.it\/#organization","name":"Gli Elettrici","url":"https:\/\/laguidaelettrica.it\/","logo":{"@type":"ImageObject","inLanguage":"it-IT","@id":"https:\/\/laguidaelettrica.it\/#\/schema\/logo\/image\/","url":"https:\/\/laguidaelettrica.it\/wp-content\/uploads\/2022\/07\/Gli-elettrici-energia-alternativa.jpg","contentUrl":"https:\/\/laguidaelettrica.it\/wp-content\/uploads\/2022\/07\/Gli-elettrici-energia-alternativa.jpg","width":399,"height":109,"caption":"Gli Elettrici"},"image":{"@id":"https:\/\/laguidaelettrica.it\/#\/schema\/logo\/image\/"},"sameAs":["https:\/\/www.facebook.com\/GliElettriciMC","https:\/\/www.instagram.com\/GliElettrici\/","https:\/\/www.youtube.com\/channel\/UC0Sdag04NMAUB1HBlhatDLg"]},{"@type":"Person","@id":"https:\/\/laguidaelettrica.it\/#\/schema\/person\/f07670b01360f99670b969912755a487","name":"Giulio Annibali","url":"https:\/\/laguidaelettrica.it\/index.php\/author\/giulio\/"}]}},"jetpack_sharing_enabled":true,"jetpack_featured_media_url":"https:\/\/laguidaelettrica.it\/wp-content\/uploads\/2024\/09\/VEMER-copia-e1729679713617.jpg","_links":{"self":[{"href":"https:\/\/laguidaelettrica.it\/index.php\/wp-json\/wp\/v2\/posts\/377501","targetHints":{"allow":["GET"]}}],"collection":[{"href":"https:\/\/laguidaelettrica.it\/index.php\/wp-json\/wp\/v2\/posts"}],"about":[{"href":"https:\/\/laguidaelettrica.it\/index.php\/wp-json\/wp\/v2\/types\/post"}],"author":[{"embeddable":true,"href":"https:\/\/laguidaelettrica.it\/index.php\/wp-json\/wp\/v2\/users\/2"}],"replies":[{"embeddable":true,"href":"https:\/\/laguidaelettrica.it\/index.php\/wp-json\/wp\/v2\/comments?post=377501"}],"version-history":[{"count":1,"href":"https:\/\/laguidaelettrica.it\/index.php\/wp-json\/wp\/v2\/posts\/377501\/revisions"}],"predecessor-version":[{"id":377502,"href":"https:\/\/laguidaelettrica.it\/index.php\/wp-json\/wp\/v2\/posts\/377501\/revisions\/377502"}],"wp:featuredmedia":[{"embeddable":true,"href":"https:\/\/laguidaelettrica.it\/index.php\/wp-json\/wp\/v2\/media\/96945"}],"wp:attachment":[{"href":"https:\/\/laguidaelettrica.it\/index.php\/wp-json\/wp\/v2\/media?parent=377501"}],"wp:term":[{"taxonomy":"category","embeddable":true,"href":"https:\/\/laguidaelettrica.it\/index.php\/wp-json\/wp\/v2\/categories?post=377501"},{"taxonomy":"post_tag","embeddable":true,"href":"https:\/\/laguidaelettrica.it\/index.php\/wp-json\/wp\/v2\/tags?post=377501"}],"curies":[{"name":"wp","href":"https:\/\/api.w.org\/{rel}","templated":true}]}}