{"id":38006,"date":"2023-10-16T17:30:19","date_gmt":"2023-10-16T15:30:19","guid":{"rendered":"https:\/\/laguidaelettrica.it\/?p=38006"},"modified":"2023-10-16T17:32:24","modified_gmt":"2023-10-16T15:32:24","slug":"nuovi-articoli-vimar-ottobre-2023","status":"publish","type":"post","link":"https:\/\/laguidaelettrica.it\/index.php\/2023\/10\/16\/nuovi-articoli-vimar-ottobre-2023\/","title":{"rendered":"Nuovi articoli Vimar &#8211; ottobre 2023"},"content":{"rendered":"<div class=\"fusion-fullwidth fullwidth-box fusion-builder-row-1 fusion-flex-container nonhundred-percent-fullwidth non-hundred-percent-height-scrolling\" style=\"--awb-border-radius-top-left:0px;--awb-border-radius-top-right:0px;--awb-border-radius-bottom-right:0px;--awb-border-radius-bottom-left:0px;--awb-flex-wrap:wrap;\" ><div class=\"fusion-builder-row fusion-row fusion-flex-align-items-flex-start fusion-flex-content-wrap\" style=\"max-width:1123.2px;margin-left: calc(-4% \/ 2 );margin-right: calc(-4% \/ 2 );\"><div class=\"fusion-layout-column fusion_builder_column fusion-builder-column-0 fusion_builder_column_1_1 1_1 fusion-flex-column\" style=\"--awb-bg-size:cover;--awb-width-large:100%;--awb-margin-top-large:0px;--awb-spacing-right-large:1.92%;--awb-margin-bottom-large:20px;--awb-spacing-left-large:1.92%;--awb-width-medium:100%;--awb-order-medium:0;--awb-spacing-right-medium:1.92%;--awb-spacing-left-medium:1.92%;--awb-width-small:100%;--awb-order-small:0;--awb-spacing-right-small:1.92%;--awb-spacing-left-small:1.92%;\"><div class=\"fusion-column-wrapper fusion-column-has-shadow fusion-flex-justify-content-flex-start fusion-content-layout-column\"><div class=\"fusion-text fusion-text-1\" style=\"--awb-text-transform:none;\"><p style=\"text-align: center;\"><strong>Multisensore per Linea con piattaforma XT<\/strong><\/p>\n<\/div><div class=\"fusion-image-element\" style=\"text-align:center;--awb-aspect-ratio: 100 \/ 50;--awb-caption-title-font-family:var(--h2_typography-font-family);--awb-caption-title-font-weight:var(--h2_typography-font-weight);--awb-caption-title-font-style:var(--h2_typography-font-style);--awb-caption-title-size:var(--h2_typography-font-size);--awb-caption-title-transform:var(--h2_typography-text-transform);--awb-caption-title-line-height:var(--h2_typography-line-height);--awb-caption-title-letter-spacing:var(--h2_typography-letter-spacing);\"><span class=\" fusion-imageframe imageframe-none imageframe-1 hover-type-none has-aspect-ratio\"><img decoding=\"async\" width=\"300\" height=\"169\" title=\"Multisensore\" src=\"https:\/\/laguidaelettrica.it\/wp-content\/uploads\/2023\/10\/Multisensore-300x169.jpg\" class=\"img-responsive wp-image-38007 img-with-aspect-ratio\" data-parent-fit=\"cover\" data-parent-container=\".fusion-image-element\" alt srcset=\"https:\/\/laguidaelettrica.it\/wp-content\/uploads\/2023\/10\/Multisensore-200x113.jpg 200w, https:\/\/laguidaelettrica.it\/wp-content\/uploads\/2023\/10\/Multisensore-400x225.jpg 400w, https:\/\/laguidaelettrica.it\/wp-content\/uploads\/2023\/10\/Multisensore.jpg 600w\" sizes=\"(max-width: 800px) 100vw, 300px\" \/><\/span><\/div><div class=\"fusion-text fusion-text-2\" style=\"--awb-text-transform:none;\"><p>Il nuovo multisensore \u00e8 caratterizzato da\u00a0<strong>4 sensori integrati<\/strong>\u00a0ed una\u00a0<strong>matrice a LED<\/strong>\u00a0per la misura, la visualizzazione e il controllo di svariati parametri ambientali: temperatura ambiente e temperatura esterna (funzione termostato), umidit\u00e0 relativa (funzione umidostato), qualit\u00e0 dell\u2019aria tramite VOC (Volatile Organic Compounds, composti organici volatili) e sensore di prossimit\u00e0.<br aria-hidden=\"true\" \/>La funzione\u00a0<strong>termostato\u00a0<\/strong>gestisce la termoregolazione in impianti a 2 e\/o 4 tubi, a pannelli radianti, termosifoni o fan coil; i sistemi VRV (Volume refrigerante variabile) tramite appositi gateway KNX; implementa la funzione \u201cboost\u201d, che attiva una seconda sorgente per accelerare il raggiungimento del comfort termico desiderato ma anche la gestione delle mezze stagioni. Attraverso la funzione\u00a0<strong>umidostato\u00a0<\/strong>\u00e8 possibile visualizzare l\u2019umidit\u00e0 relativa dell\u2019ambiente, attivando la deumidificazione in caso di superamento di una soglia impostata.<\/p>\n<p>Il dispositivo, combinando i valori di temperatura e umidit\u00e0 ambientale, \u00e8 in grado di calcolare il punto di rugiada, e prevenire la formazione di condensa. Il\u00a0<strong>sensore VOC<\/strong>\u00a0(composti organici volatili) permette di misurare l\u2019andamento della qualit\u00e0 dell\u2019aria, che viene rappresentato in un modo chiaro ed efficace tramite la matrice a LED. Infine, il sensore di prossimit\u00e0, permette di attivare la visualizzazione dei dati, semplicemente avvicinandosi al dispositivo.\u00a0<br aria-hidden=\"true\" \/>Oltre alla gestione dei parametri ambientali, il nuovo multisensore pu\u00f2 essere programmato per altre funzioni, come la visualizzazione di allarmi o il comando luci, tapparelle, audio e scenari, con una vasta possibilit\u00e0 di personalizzazione dell\u2019icona centrale con simboli o lettere\/numeri sulla generosa matrice a LED.\u00a0<br aria-hidden=\"true\" \/>Inoltre, \u00e8 possibile installare il dispositivo frontalmente sul supporto dedicato per aumentare le funzioni di un semplice comando o nell\u2019impianto domotico come un termostato dalle funzioni avanzate.<br aria-hidden=\"true\" \/>Per una tecnologia che \u00e8 anche design, il nuovo multisensore \u00e8 disponibile nelle tre varianti colore\u00a0<strong>bianco<\/strong>,\u00a0<strong>nero\u00a0<\/strong>e\u00a0<strong>canapa<\/strong>, per adattarsi con discrezione e personalit\u00e0 ad ogni ambiente.<\/p>\n<\/div><div class=\"fusion-text fusion-text-3\" style=\"--awb-text-transform:none;\"><p style=\"text-align: center;\"><strong>App View Key per controllo accessi smart<\/strong><\/p>\n<\/div><div class=\"fusion-image-element\" style=\"text-align:center;--awb-aspect-ratio: 100 \/ 50;--awb-caption-title-font-family:var(--h2_typography-font-family);--awb-caption-title-font-weight:var(--h2_typography-font-weight);--awb-caption-title-font-style:var(--h2_typography-font-style);--awb-caption-title-size:var(--h2_typography-font-size);--awb-caption-title-transform:var(--h2_typography-text-transform);--awb-caption-title-line-height:var(--h2_typography-line-height);--awb-caption-title-letter-spacing:var(--h2_typography-letter-spacing);\"><span class=\" fusion-imageframe imageframe-none imageframe-2 hover-type-none has-aspect-ratio\"><img decoding=\"async\" width=\"300\" height=\"181\" title=\"ViewKey copia\" src=\"https:\/\/laguidaelettrica.it\/wp-content\/uploads\/2023\/10\/ViewKey-copia-300x181.jpg\" class=\"img-responsive wp-image-38008 img-with-aspect-ratio\" data-parent-fit=\"cover\" data-parent-container=\".fusion-image-element\" alt srcset=\"https:\/\/laguidaelettrica.it\/wp-content\/uploads\/2023\/10\/ViewKey-copia-200x120.jpg 200w, https:\/\/laguidaelettrica.it\/wp-content\/uploads\/2023\/10\/ViewKey-copia-400x241.jpg 400w, https:\/\/laguidaelettrica.it\/wp-content\/uploads\/2023\/10\/ViewKey-copia.jpg 600w\" sizes=\"(max-width: 800px) 100vw, 300px\" \/><\/span><\/div><div class=\"fusion-text fusion-text-4\" style=\"--awb-text-transform:none;\"><p>E&#8217; disponibile negli store Apple e Android l&#8217;app\u00a0<strong>View Key<\/strong>\u00a0 dedicata all&#8217;utente finale che, attraverso un vero e proprio portachiavi digitale attivato in app, avr\u00e0 la possibilit\u00e0 di\u00a0<strong>aprire direttamente dal proprio telefono cellulare i varchi<\/strong>\u00a0di camere e aree comuni che gli sono state riservate.\u00a0<br aria-hidden=\"true\" \/>Attraverso il portale cloud View, accessibile tramite browser da qualsiasi pc, tablet o smartphone, il gestore della struttura ricettiva potr\u00e0 creare nuovi utenti, inserire il periodo di permanenza degli ospiti (check-in, check-out) e inviare tramite e-mail le chiavi di accesso virtuali da attivare in App. Attraverso lo stesso portale sar\u00e0 inoltre possibile gestire i periodi di validit\u00e0 degli accessi tramite card fisiche arruolate nell&#8217;impianto e consultare lo storico degli accessi.\u00a0<br aria-hidden=\"true\" \/>Il cliente, ricevuto l&#8217;invito via mail, attraverso l\u2019app View Key potr\u00e0 attivare in maniera chiara e immediata il suo portachiavi digitale. Il funzionamento \u00e8 facilissimo: grazie alla connettivit\u00e0 Bluetooth, baster\u00e0 avvicinare lo smartphone al lettore e con un semplice gesto verr\u00e0 attivata l&#8217;apertura della porta e, di conseguenza, l&#8217;attivazione delle utenze.<\/p>\n<\/div><div class=\"fusion-text fusion-text-5\" style=\"--awb-text-transform:none;\"><p style=\"text-align: center;\"><strong>Supporti per iPad<\/strong><\/p>\n<\/div><div class=\"fusion-image-element\" style=\"text-align:center;--awb-aspect-ratio: 100 \/ 50;--awb-caption-title-font-family:var(--h2_typography-font-family);--awb-caption-title-font-weight:var(--h2_typography-font-weight);--awb-caption-title-font-style:var(--h2_typography-font-style);--awb-caption-title-size:var(--h2_typography-font-size);--awb-caption-title-transform:var(--h2_typography-text-transform);--awb-caption-title-line-height:var(--h2_typography-line-height);--awb-caption-title-letter-spacing:var(--h2_typography-letter-spacing);\"><span class=\" fusion-imageframe imageframe-none imageframe-3 hover-type-none has-aspect-ratio\"><img decoding=\"async\" width=\"300\" height=\"169\" title=\"supportoIPad\" src=\"https:\/\/laguidaelettrica.it\/wp-content\/uploads\/2023\/10\/supportoIPad-300x169.jpg\" class=\"img-responsive wp-image-38009 img-with-aspect-ratio\" data-parent-fit=\"cover\" data-parent-container=\".fusion-image-element\" alt srcset=\"https:\/\/laguidaelettrica.it\/wp-content\/uploads\/2023\/10\/supportoIPad-200x113.jpg 200w, https:\/\/laguidaelettrica.it\/wp-content\/uploads\/2023\/10\/supportoIPad-400x225.jpg 400w, https:\/\/laguidaelettrica.it\/wp-content\/uploads\/2023\/10\/supportoIPad.jpg 600w\" sizes=\"(max-width: 800px) 100vw, 300px\" \/><\/span><\/div><div class=\"fusion-text fusion-text-6\" style=\"--awb-text-transform:none;\"><p>Sono disponibili nuovi supporti estetici da parete nelle finiture nero (01430), bianco (01430.B) e Next (01430.N) che consentono di utilizzare l&#8217;iPad (da 10,9&#8221; e 11&#8221;), per la supervisione dei sistemi Vimar attraverso l&#8217;app View.<\/p>\n<p>I supporti sono dotati di\u00a0 cornice con staffa per l&#8217;installazione da parete con tasselli e sono compatibili con scatole da incasso Vimar tipo rotonda \u00f8 60 mm o rettangolari 3, 4 e 4+4 moduli.<br aria-hidden=\"true\" \/>Possono essere collegati ad alimentatori da incasso Vimar con connettore USB tipo C e potenza minima di 15 W.<\/p>\n<\/div><div class=\"fusion-text fusion-text-7\" style=\"--awb-text-transform:none;\"><p style=\"text-align: center;\"><strong>Placca Eikon Ex\u00e9 1 modulo per pannelli<\/strong><\/p>\n<\/div><div class=\"fusion-image-element\" style=\"text-align:center;--awb-aspect-ratio: 100 \/ 50;--awb-caption-title-font-family:var(--h2_typography-font-family);--awb-caption-title-font-weight:var(--h2_typography-font-weight);--awb-caption-title-font-style:var(--h2_typography-font-style);--awb-caption-title-size:var(--h2_typography-font-size);--awb-caption-title-transform:var(--h2_typography-text-transform);--awb-caption-title-line-height:var(--h2_typography-line-height);--awb-caption-title-letter-spacing:var(--h2_typography-letter-spacing);\"><span class=\" fusion-imageframe imageframe-none imageframe-4 hover-type-none has-aspect-ratio\"><img decoding=\"async\" width=\"300\" height=\"169\" title=\"Placca1M\" src=\"https:\/\/laguidaelettrica.it\/wp-content\/uploads\/2023\/10\/Placca1M-300x169.jpg\" class=\"img-responsive wp-image-38010 img-with-aspect-ratio\" data-parent-fit=\"cover\" data-parent-container=\".fusion-image-element\" alt srcset=\"https:\/\/laguidaelettrica.it\/wp-content\/uploads\/2023\/10\/Placca1M-200x113.jpg 200w, https:\/\/laguidaelettrica.it\/wp-content\/uploads\/2023\/10\/Placca1M-400x225.jpg 400w, https:\/\/laguidaelettrica.it\/wp-content\/uploads\/2023\/10\/Placca1M.jpg 600w\" sizes=\"(max-width: 800px) 100vw, 300px\" \/><\/span><\/div><div class=\"fusion-text fusion-text-8\" style=\"--awb-text-transform:none;\"><p>Materiali scelti appositamente per esprimere un inconfondibile effetto materico che definisce l\u2019identit\u00e0 e la personalit\u00e0 di ogni ambiente, Eikon Ex\u00e9 \u00e8 pura essenza. La gamma delle modularit\u00e0 di Eikon Ex\u00e9 si completa ora con la modularit\u00e0 a 1 modulo per pannelli, nelle finiture total look. Le dimensioni della placca sono di 42&#215;82 mm, pi\u00f9 compatte ed \u00e8 disponibile sia per comandi tradizionali (22,5&#215;45 mm), sia per comandi Vintage e Flat. Le placche per pannelli sono pensate per dare ai progetti di interior design un\u2019esclusivit\u00e0 ancora pi\u00f9 marcata, un\u2019identit\u00e0 pi\u00f9 definita e vanno installate con il nuovo supporto a 1 modulo.<\/p>\n<\/div><div class=\"fusion-text fusion-text-9\" style=\"--awb-text-transform:none;\"><p style=\"text-align: center;\"><strong>Sirena da esterno By-alarm Plus nella variante BUS<\/strong><\/p>\n<\/div><div class=\"fusion-image-element\" style=\"text-align:center;--awb-aspect-ratio: 100 \/ 50;--awb-caption-title-font-family:var(--h2_typography-font-family);--awb-caption-title-font-weight:var(--h2_typography-font-weight);--awb-caption-title-font-style:var(--h2_typography-font-style);--awb-caption-title-size:var(--h2_typography-font-size);--awb-caption-title-transform:var(--h2_typography-text-transform);--awb-caption-title-line-height:var(--h2_typography-line-height);--awb-caption-title-letter-spacing:var(--h2_typography-letter-spacing);\"><span class=\" fusion-imageframe imageframe-none imageframe-5 hover-type-none has-aspect-ratio\"><img decoding=\"async\" width=\"300\" height=\"169\" title=\"ByAlarmPlus\" src=\"https:\/\/laguidaelettrica.it\/wp-content\/uploads\/2023\/10\/ByAlarmPlus-300x169.jpg\" class=\"img-responsive wp-image-38011 img-with-aspect-ratio\" data-parent-fit=\"cover\" data-parent-container=\".fusion-image-element\" alt srcset=\"https:\/\/laguidaelettrica.it\/wp-content\/uploads\/2023\/10\/ByAlarmPlus-200x113.jpg 200w, https:\/\/laguidaelettrica.it\/wp-content\/uploads\/2023\/10\/ByAlarmPlus-400x225.jpg 400w, https:\/\/laguidaelettrica.it\/wp-content\/uploads\/2023\/10\/ByAlarmPlus.jpg 600w\" sizes=\"(max-width: 800px) 100vw, 300px\" \/><\/span><\/div><div class=\"fusion-text fusion-text-10\" style=\"--awb-text-transform:none;\"><p>Sirena da esterno a profondit\u00e0 ridotta, disponibile nella variante BUS, dotata di 2 speaker e\u00a0segnalazione allarme a LED. E&#8217; configurabile da remoto con 4 suoni e 4 temporizzazioni. Offre massima\u00a0sicurezza grazie a protezioni anti-apertura, anti-strappo dalla parete e protezione antischiuma ed \u00e8 progettata per essere installata\u00a0in luoghi esposti alle intemperie e resistenti agli sbalzi di temperatura.<\/p>\n<p>La sirena, autoalimentata internamente, \u00e8 gestita attraverso un microproces\u00adsore che permette di monitorare costantemente tutti i parametri.<\/p>\n<p>Grazie al BUS \u00e8 possibile programmarla con l&#8217;apposito software, anche da remoto, ed \u00e8 possibile parametrarla in modo pi\u00f9 completo sempre via software.<\/p>\n<\/div><div class=\"fusion-text fusion-text-11\" style=\"--awb-text-transform:none;\"><p style=\"text-align: center;\"><strong>Registratore XVR e telecamera AHD<\/strong><\/p>\n<\/div><div class=\"fusion-image-element\" style=\"text-align:center;--awb-aspect-ratio: 100 \/ 50;--awb-caption-title-font-family:var(--h2_typography-font-family);--awb-caption-title-font-weight:var(--h2_typography-font-weight);--awb-caption-title-font-style:var(--h2_typography-font-style);--awb-caption-title-size:var(--h2_typography-font-size);--awb-caption-title-transform:var(--h2_typography-text-transform);--awb-caption-title-line-height:var(--h2_typography-line-height);--awb-caption-title-letter-spacing:var(--h2_typography-letter-spacing);\"><span class=\" fusion-imageframe imageframe-none imageframe-6 hover-type-none has-aspect-ratio\"><img decoding=\"async\" width=\"300\" height=\"169\" title=\"TVCC copia02\" src=\"https:\/\/laguidaelettrica.it\/wp-content\/uploads\/2023\/10\/TVCC-copia02-300x169.jpg\" class=\"img-responsive wp-image-38012 img-with-aspect-ratio\" data-parent-fit=\"cover\" data-parent-container=\".fusion-image-element\" alt srcset=\"https:\/\/laguidaelettrica.it\/wp-content\/uploads\/2023\/10\/TVCC-copia02-200x113.jpg 200w, https:\/\/laguidaelettrica.it\/wp-content\/uploads\/2023\/10\/TVCC-copia02-400x225.jpg 400w, https:\/\/laguidaelettrica.it\/wp-content\/uploads\/2023\/10\/TVCC-copia02.jpg 600w\" sizes=\"(max-width: 800px) 100vw, 300px\" \/><\/span><\/div><div class=\"fusion-text fusion-text-12\" style=\"--awb-text-transform:none;\"><p>La gamma AHD si incrementa con un nuovo XVR ibrido da 16 canali e una nuova telecamera Bullet Full-HD per impianti videocitofonici.<\/p>\n<p>L&#8217;<strong>XVR ibrido 16 canali in risoluzione 8 Mpx\u00a0<\/strong>\u00e8 dotato di HDD professionale da\u00a0 \u00a0 \u00a0 2 TB, compressione H.265, \u00a0funzione CsC, uscita HDMI fino a 4K. Pu\u00f2 supportare 16 telecamere AHD e 8 telecamere IP fino a 8 Mpx. E&#8217; gestibile attraverso interfaccia web, CVM e controllo remoto con Qrcode da app By-camera. Collegato a telecamere AHD dotate di funzioni attraversamento linea e intrusione offre la riduzione dei falsi allarmi , mentre collegato a telecamere IP offre funzioni di rilevamento oggetti e anomalie (dove presenti).<\/p>\n<p>La<strong>\u00a0telecamera Bullet con risoluzione \u00a0da 2 Mpx e ottica varifocale 2,8-12 mm<\/strong>\u00a0(83\u00b0- 20\u00b0) \u00e8 dotata di illuminatori IR con portata fino a 30 metri ed \u00e8 nativamente configurata in CVBS per facilitare l\u2019integrazione con impianti videocitofonici, facilmente configurabile in AHD\/TVI\/CVI tramite dip switch.<\/p>\n<p><a href=\"https:\/\/sitebysite32079.musvc3.net\/e\/tr?q=9%3dESPcK%26C%3dGX%26z%3dVMZE%26F%3dKbHUPe%267%3d90P2J_8weq_Ig_4riv_Dg_8weq_Hl500AnP9E66IXLXO.Ey8.3Q5MsY.z60_Nctf_XRJ0760s_Nctf_XRTHfIZ_8weq_HlpFsQy64Pu_Igyb_SVi1E9Kx6TKoL3AzK9_Nctf_XRbfkdukxM_Igyb_SKXLwUtPjjk_4riv_DgHfDT_8weq_HlLU_HfDT-Gf_4riv_DgHfDT-Gf-LZ_8weq_HaDaQLqI0Q42_8weq_HaDaBAz5yPq.O2O0_Igyb_TVQ6D_9K7IsA_4riv_EeiE66rU7m2q500A_4riv_DWAPy_Du0uL3_Nctf_YPEuS5CuP668_Nctf_XHL0I_o23Lm0wJ_4riv_Eel_0qD_8weq_Hb7K3_91E0AzK_8weq_IjLR_HfDSPWMg%26t%3dI7JB9E.EuP%26uJ%3dHWGRI%26P5%3dSPXERPWHRKfHSP%26D%3do4KfIYvXFSvBI5rdqSGcD5NeIYJ0mUHYD5PdHZNbr7Icr3sZFYrfI7MYpRIWD6M0&amp;mupckp=mupAtu4m8OiX0wt\"><strong>SCARICA L&#8217;ELENCO DEI NUOVI ARTICOLI<\/strong><\/a><\/p>\n<\/div><\/div><\/div><\/div><\/div>\n","protected":false},"excerpt":{"rendered":"","protected":false},"author":2,"featured_media":11492,"comment_status":"open","ping_status":"open","sticky":false,"template":"","format":"standard","meta":{"_jetpack_newsletter_access":"","_jetpack_dont_email_post_to_subs":false,"_jetpack_newsletter_tier_id":0,"_jetpack_memberships_contains_paywalled_content":false,"_jetpack_memberships_contains_paid_content":false,"footnotes":""},"categories":[2],"tags":[],"class_list":["post-38006","post","type-post","status-publish","format-standard","has-post-thumbnail","hentry","category-news"],"yoast_head":"<!-- This site is optimized with the Yoast SEO plugin v28.3 - https:\/\/yoast.com\/product\/yoast-seo-wordpress\/ -->\n<title>Nuovi articoli Vimar - ottobre 2023 - La Guida Elettrica<\/title>\n<meta name=\"robots\" content=\"index, follow, max-snippet:-1, max-image-preview:large, max-video-preview:-1\" \/>\n<link rel=\"canonical\" href=\"https:\/\/laguidaelettrica.it\/index.php\/2023\/10\/16\/nuovi-articoli-vimar-ottobre-2023\/\" \/>\n<meta property=\"og:locale\" content=\"it_IT\" \/>\n<meta property=\"og:type\" content=\"article\" \/>\n<meta property=\"og:title\" content=\"Nuovi articoli Vimar - ottobre 2023 - La Guida Elettrica\" \/>\n<meta property=\"og:url\" content=\"https:\/\/laguidaelettrica.it\/index.php\/2023\/10\/16\/nuovi-articoli-vimar-ottobre-2023\/\" \/>\n<meta property=\"og:site_name\" content=\"La Guida Elettrica\" \/>\n<meta property=\"article:publisher\" content=\"https:\/\/www.facebook.com\/GliElettriciMC\" \/>\n<meta property=\"article:published_time\" content=\"2023-10-16T15:30:19+00:00\" \/>\n<meta property=\"article:modified_time\" content=\"2023-10-16T15:32:24+00:00\" \/>\n<meta property=\"og:image\" content=\"https:\/\/laguidaelettrica.it\/wp-content\/uploads\/2023\/02\/VIMAR-150.jpg\" \/>\n\t<meta property=\"og:image:width\" content=\"150\" \/>\n\t<meta property=\"og:image:height\" content=\"90\" \/>\n\t<meta property=\"og:image:type\" content=\"image\/jpeg\" \/>\n<meta name=\"author\" content=\"Giulio Annibali\" \/>\n<meta name=\"twitter:card\" content=\"summary_large_image\" \/>\n<meta name=\"twitter:label1\" content=\"Scritto da\" \/>\n\t<meta name=\"twitter:data1\" content=\"Giulio Annibali\" \/>\n\t<meta name=\"twitter:label2\" content=\"Tempo di lettura stimato\" \/>\n\t<meta name=\"twitter:data2\" content=\"12 minuti\" \/>\n<script type=\"application\/ld+json\" class=\"yoast-schema-graph\">{\"@context\":\"https:\\\/\\\/schema.org\",\"@graph\":[{\"@type\":\"Article\",\"@id\":\"https:\\\/\\\/laguidaelettrica.it\\\/index.php\\\/2023\\\/10\\\/16\\\/nuovi-articoli-vimar-ottobre-2023\\\/#article\",\"isPartOf\":{\"@id\":\"https:\\\/\\\/laguidaelettrica.it\\\/index.php\\\/2023\\\/10\\\/16\\\/nuovi-articoli-vimar-ottobre-2023\\\/\"},\"author\":{\"name\":\"Giulio Annibali\",\"@id\":\"https:\\\/\\\/laguidaelettrica.it\\\/#\\\/schema\\\/person\\\/f07670b01360f99670b969912755a487\"},\"headline\":\"Nuovi articoli Vimar &#8211; ottobre 2023\",\"datePublished\":\"2023-10-16T15:30:19+00:00\",\"dateModified\":\"2023-10-16T15:32:24+00:00\",\"mainEntityOfPage\":{\"@id\":\"https:\\\/\\\/laguidaelettrica.it\\\/index.php\\\/2023\\\/10\\\/16\\\/nuovi-articoli-vimar-ottobre-2023\\\/\"},\"wordCount\":4014,\"commentCount\":1,\"publisher\":{\"@id\":\"https:\\\/\\\/laguidaelettrica.it\\\/#organization\"},\"image\":{\"@id\":\"https:\\\/\\\/laguidaelettrica.it\\\/index.php\\\/2023\\\/10\\\/16\\\/nuovi-articoli-vimar-ottobre-2023\\\/#primaryimage\"},\"thumbnailUrl\":\"https:\\\/\\\/laguidaelettrica.it\\\/wp-content\\\/uploads\\\/2023\\\/02\\\/VIMAR-150.jpg\",\"articleSection\":[\"News\"],\"inLanguage\":\"it-IT\",\"potentialAction\":[{\"@type\":\"CommentAction\",\"name\":\"Comment\",\"target\":[\"https:\\\/\\\/laguidaelettrica.it\\\/index.php\\\/2023\\\/10\\\/16\\\/nuovi-articoli-vimar-ottobre-2023\\\/#respond\"]}]},{\"@type\":\"WebPage\",\"@id\":\"https:\\\/\\\/laguidaelettrica.it\\\/index.php\\\/2023\\\/10\\\/16\\\/nuovi-articoli-vimar-ottobre-2023\\\/\",\"url\":\"https:\\\/\\\/laguidaelettrica.it\\\/index.php\\\/2023\\\/10\\\/16\\\/nuovi-articoli-vimar-ottobre-2023\\\/\",\"name\":\"Nuovi articoli Vimar - ottobre 2023 - La Guida Elettrica\",\"isPartOf\":{\"@id\":\"https:\\\/\\\/laguidaelettrica.it\\\/#website\"},\"primaryImageOfPage\":{\"@id\":\"https:\\\/\\\/laguidaelettrica.it\\\/index.php\\\/2023\\\/10\\\/16\\\/nuovi-articoli-vimar-ottobre-2023\\\/#primaryimage\"},\"image\":{\"@id\":\"https:\\\/\\\/laguidaelettrica.it\\\/index.php\\\/2023\\\/10\\\/16\\\/nuovi-articoli-vimar-ottobre-2023\\\/#primaryimage\"},\"thumbnailUrl\":\"https:\\\/\\\/laguidaelettrica.it\\\/wp-content\\\/uploads\\\/2023\\\/02\\\/VIMAR-150.jpg\",\"datePublished\":\"2023-10-16T15:30:19+00:00\",\"dateModified\":\"2023-10-16T15:32:24+00:00\",\"breadcrumb\":{\"@id\":\"https:\\\/\\\/laguidaelettrica.it\\\/index.php\\\/2023\\\/10\\\/16\\\/nuovi-articoli-vimar-ottobre-2023\\\/#breadcrumb\"},\"inLanguage\":\"it-IT\",\"potentialAction\":[{\"@type\":\"ReadAction\",\"target\":[\"https:\\\/\\\/laguidaelettrica.it\\\/index.php\\\/2023\\\/10\\\/16\\\/nuovi-articoli-vimar-ottobre-2023\\\/\"]}]},{\"@type\":\"ImageObject\",\"inLanguage\":\"it-IT\",\"@id\":\"https:\\\/\\\/laguidaelettrica.it\\\/index.php\\\/2023\\\/10\\\/16\\\/nuovi-articoli-vimar-ottobre-2023\\\/#primaryimage\",\"url\":\"https:\\\/\\\/laguidaelettrica.it\\\/wp-content\\\/uploads\\\/2023\\\/02\\\/VIMAR-150.jpg\",\"contentUrl\":\"https:\\\/\\\/laguidaelettrica.it\\\/wp-content\\\/uploads\\\/2023\\\/02\\\/VIMAR-150.jpg\",\"width\":150,\"height\":90},{\"@type\":\"BreadcrumbList\",\"@id\":\"https:\\\/\\\/laguidaelettrica.it\\\/index.php\\\/2023\\\/10\\\/16\\\/nuovi-articoli-vimar-ottobre-2023\\\/#breadcrumb\",\"itemListElement\":[{\"@type\":\"ListItem\",\"position\":1,\"name\":\"Home\",\"item\":\"https:\\\/\\\/laguidaelettrica.it\\\/\"},{\"@type\":\"ListItem\",\"position\":2,\"name\":\"Nuovi articoli Vimar &#8211; ottobre 2023\"}]},{\"@type\":\"WebSite\",\"@id\":\"https:\\\/\\\/laguidaelettrica.it\\\/#website\",\"url\":\"https:\\\/\\\/laguidaelettrica.it\\\/\",\"name\":\"La Guida Elettrica\",\"description\":\"I migliori prodotti per gli elettricisti\",\"publisher\":{\"@id\":\"https:\\\/\\\/laguidaelettrica.it\\\/#organization\"},\"potentialAction\":[{\"@type\":\"SearchAction\",\"target\":{\"@type\":\"EntryPoint\",\"urlTemplate\":\"https:\\\/\\\/laguidaelettrica.it\\\/?s={search_term_string}\"},\"query-input\":{\"@type\":\"PropertyValueSpecification\",\"valueRequired\":true,\"valueName\":\"search_term_string\"}}],\"inLanguage\":\"it-IT\"},{\"@type\":\"Organization\",\"@id\":\"https:\\\/\\\/laguidaelettrica.it\\\/#organization\",\"name\":\"Gli Elettrici\",\"url\":\"https:\\\/\\\/laguidaelettrica.it\\\/\",\"logo\":{\"@type\":\"ImageObject\",\"inLanguage\":\"it-IT\",\"@id\":\"https:\\\/\\\/laguidaelettrica.it\\\/#\\\/schema\\\/logo\\\/image\\\/\",\"url\":\"https:\\\/\\\/laguidaelettrica.it\\\/wp-content\\\/uploads\\\/2022\\\/07\\\/Gli-elettrici-energia-alternativa.jpg\",\"contentUrl\":\"https:\\\/\\\/laguidaelettrica.it\\\/wp-content\\\/uploads\\\/2022\\\/07\\\/Gli-elettrici-energia-alternativa.jpg\",\"width\":399,\"height\":109,\"caption\":\"Gli Elettrici\"},\"image\":{\"@id\":\"https:\\\/\\\/laguidaelettrica.it\\\/#\\\/schema\\\/logo\\\/image\\\/\"},\"sameAs\":[\"https:\\\/\\\/www.facebook.com\\\/GliElettriciMC\",\"https:\\\/\\\/www.instagram.com\\\/GliElettrici\\\/\",\"https:\\\/\\\/www.youtube.com\\\/channel\\\/UC0Sdag04NMAUB1HBlhatDLg\"]},{\"@type\":\"Person\",\"@id\":\"https:\\\/\\\/laguidaelettrica.it\\\/#\\\/schema\\\/person\\\/f07670b01360f99670b969912755a487\",\"name\":\"Giulio Annibali\",\"url\":\"https:\\\/\\\/laguidaelettrica.it\\\/index.php\\\/author\\\/giulio\\\/\"}]}<\/script>\n<!-- \/ Yoast SEO plugin. -->","yoast_head_json":{"title":"Nuovi articoli Vimar - ottobre 2023 - La Guida Elettrica","robots":{"index":"index","follow":"follow","max-snippet":"max-snippet:-1","max-image-preview":"max-image-preview:large","max-video-preview":"max-video-preview:-1"},"canonical":"https:\/\/laguidaelettrica.it\/index.php\/2023\/10\/16\/nuovi-articoli-vimar-ottobre-2023\/","og_locale":"it_IT","og_type":"article","og_title":"Nuovi articoli Vimar - ottobre 2023 - La Guida Elettrica","og_url":"https:\/\/laguidaelettrica.it\/index.php\/2023\/10\/16\/nuovi-articoli-vimar-ottobre-2023\/","og_site_name":"La Guida Elettrica","article_publisher":"https:\/\/www.facebook.com\/GliElettriciMC","article_published_time":"2023-10-16T15:30:19+00:00","article_modified_time":"2023-10-16T15:32:24+00:00","og_image":[{"width":150,"height":90,"url":"https:\/\/laguidaelettrica.it\/wp-content\/uploads\/2023\/02\/VIMAR-150.jpg","type":"image\/jpeg"}],"author":"Giulio Annibali","twitter_card":"summary_large_image","twitter_misc":{"Scritto da":"Giulio Annibali","Tempo di lettura stimato":"12 minuti"},"schema":{"@context":"https:\/\/schema.org","@graph":[{"@type":"Article","@id":"https:\/\/laguidaelettrica.it\/index.php\/2023\/10\/16\/nuovi-articoli-vimar-ottobre-2023\/#article","isPartOf":{"@id":"https:\/\/laguidaelettrica.it\/index.php\/2023\/10\/16\/nuovi-articoli-vimar-ottobre-2023\/"},"author":{"name":"Giulio Annibali","@id":"https:\/\/laguidaelettrica.it\/#\/schema\/person\/f07670b01360f99670b969912755a487"},"headline":"Nuovi articoli Vimar &#8211; ottobre 2023","datePublished":"2023-10-16T15:30:19+00:00","dateModified":"2023-10-16T15:32:24+00:00","mainEntityOfPage":{"@id":"https:\/\/laguidaelettrica.it\/index.php\/2023\/10\/16\/nuovi-articoli-vimar-ottobre-2023\/"},"wordCount":4014,"commentCount":1,"publisher":{"@id":"https:\/\/laguidaelettrica.it\/#organization"},"image":{"@id":"https:\/\/laguidaelettrica.it\/index.php\/2023\/10\/16\/nuovi-articoli-vimar-ottobre-2023\/#primaryimage"},"thumbnailUrl":"https:\/\/laguidaelettrica.it\/wp-content\/uploads\/2023\/02\/VIMAR-150.jpg","articleSection":["News"],"inLanguage":"it-IT","potentialAction":[{"@type":"CommentAction","name":"Comment","target":["https:\/\/laguidaelettrica.it\/index.php\/2023\/10\/16\/nuovi-articoli-vimar-ottobre-2023\/#respond"]}]},{"@type":"WebPage","@id":"https:\/\/laguidaelettrica.it\/index.php\/2023\/10\/16\/nuovi-articoli-vimar-ottobre-2023\/","url":"https:\/\/laguidaelettrica.it\/index.php\/2023\/10\/16\/nuovi-articoli-vimar-ottobre-2023\/","name":"Nuovi articoli Vimar - ottobre 2023 - La Guida Elettrica","isPartOf":{"@id":"https:\/\/laguidaelettrica.it\/#website"},"primaryImageOfPage":{"@id":"https:\/\/laguidaelettrica.it\/index.php\/2023\/10\/16\/nuovi-articoli-vimar-ottobre-2023\/#primaryimage"},"image":{"@id":"https:\/\/laguidaelettrica.it\/index.php\/2023\/10\/16\/nuovi-articoli-vimar-ottobre-2023\/#primaryimage"},"thumbnailUrl":"https:\/\/laguidaelettrica.it\/wp-content\/uploads\/2023\/02\/VIMAR-150.jpg","datePublished":"2023-10-16T15:30:19+00:00","dateModified":"2023-10-16T15:32:24+00:00","breadcrumb":{"@id":"https:\/\/laguidaelettrica.it\/index.php\/2023\/10\/16\/nuovi-articoli-vimar-ottobre-2023\/#breadcrumb"},"inLanguage":"it-IT","potentialAction":[{"@type":"ReadAction","target":["https:\/\/laguidaelettrica.it\/index.php\/2023\/10\/16\/nuovi-articoli-vimar-ottobre-2023\/"]}]},{"@type":"ImageObject","inLanguage":"it-IT","@id":"https:\/\/laguidaelettrica.it\/index.php\/2023\/10\/16\/nuovi-articoli-vimar-ottobre-2023\/#primaryimage","url":"https:\/\/laguidaelettrica.it\/wp-content\/uploads\/2023\/02\/VIMAR-150.jpg","contentUrl":"https:\/\/laguidaelettrica.it\/wp-content\/uploads\/2023\/02\/VIMAR-150.jpg","width":150,"height":90},{"@type":"BreadcrumbList","@id":"https:\/\/laguidaelettrica.it\/index.php\/2023\/10\/16\/nuovi-articoli-vimar-ottobre-2023\/#breadcrumb","itemListElement":[{"@type":"ListItem","position":1,"name":"Home","item":"https:\/\/laguidaelettrica.it\/"},{"@type":"ListItem","position":2,"name":"Nuovi articoli Vimar &#8211; ottobre 2023"}]},{"@type":"WebSite","@id":"https:\/\/laguidaelettrica.it\/#website","url":"https:\/\/laguidaelettrica.it\/","name":"La Guida Elettrica","description":"I migliori prodotti per gli elettricisti","publisher":{"@id":"https:\/\/laguidaelettrica.it\/#organization"},"potentialAction":[{"@type":"SearchAction","target":{"@type":"EntryPoint","urlTemplate":"https:\/\/laguidaelettrica.it\/?s={search_term_string}"},"query-input":{"@type":"PropertyValueSpecification","valueRequired":true,"valueName":"search_term_string"}}],"inLanguage":"it-IT"},{"@type":"Organization","@id":"https:\/\/laguidaelettrica.it\/#organization","name":"Gli Elettrici","url":"https:\/\/laguidaelettrica.it\/","logo":{"@type":"ImageObject","inLanguage":"it-IT","@id":"https:\/\/laguidaelettrica.it\/#\/schema\/logo\/image\/","url":"https:\/\/laguidaelettrica.it\/wp-content\/uploads\/2022\/07\/Gli-elettrici-energia-alternativa.jpg","contentUrl":"https:\/\/laguidaelettrica.it\/wp-content\/uploads\/2022\/07\/Gli-elettrici-energia-alternativa.jpg","width":399,"height":109,"caption":"Gli Elettrici"},"image":{"@id":"https:\/\/laguidaelettrica.it\/#\/schema\/logo\/image\/"},"sameAs":["https:\/\/www.facebook.com\/GliElettriciMC","https:\/\/www.instagram.com\/GliElettrici\/","https:\/\/www.youtube.com\/channel\/UC0Sdag04NMAUB1HBlhatDLg"]},{"@type":"Person","@id":"https:\/\/laguidaelettrica.it\/#\/schema\/person\/f07670b01360f99670b969912755a487","name":"Giulio Annibali","url":"https:\/\/laguidaelettrica.it\/index.php\/author\/giulio\/"}]}},"jetpack_sharing_enabled":true,"jetpack_featured_media_url":"https:\/\/laguidaelettrica.it\/wp-content\/uploads\/2023\/02\/VIMAR-150.jpg","_links":{"self":[{"href":"https:\/\/laguidaelettrica.it\/index.php\/wp-json\/wp\/v2\/posts\/38006","targetHints":{"allow":["GET"]}}],"collection":[{"href":"https:\/\/laguidaelettrica.it\/index.php\/wp-json\/wp\/v2\/posts"}],"about":[{"href":"https:\/\/laguidaelettrica.it\/index.php\/wp-json\/wp\/v2\/types\/post"}],"author":[{"embeddable":true,"href":"https:\/\/laguidaelettrica.it\/index.php\/wp-json\/wp\/v2\/users\/2"}],"replies":[{"embeddable":true,"href":"https:\/\/laguidaelettrica.it\/index.php\/wp-json\/wp\/v2\/comments?post=38006"}],"version-history":[{"count":5,"href":"https:\/\/laguidaelettrica.it\/index.php\/wp-json\/wp\/v2\/posts\/38006\/revisions"}],"predecessor-version":[{"id":38017,"href":"https:\/\/laguidaelettrica.it\/index.php\/wp-json\/wp\/v2\/posts\/38006\/revisions\/38017"}],"wp:featuredmedia":[{"embeddable":true,"href":"https:\/\/laguidaelettrica.it\/index.php\/wp-json\/wp\/v2\/media\/11492"}],"wp:attachment":[{"href":"https:\/\/laguidaelettrica.it\/index.php\/wp-json\/wp\/v2\/media?parent=38006"}],"wp:term":[{"taxonomy":"category","embeddable":true,"href":"https:\/\/laguidaelettrica.it\/index.php\/wp-json\/wp\/v2\/categories?post=38006"},{"taxonomy":"post_tag","embeddable":true,"href":"https:\/\/laguidaelettrica.it\/index.php\/wp-json\/wp\/v2\/tags?post=38006"}],"curies":[{"name":"wp","href":"https:\/\/api.w.org\/{rel}","templated":true}]}}